{"id":714,"date":"2018-07-30T20:12:58","date_gmt":"2018-07-31T00:12:58","guid":{"rendered":"http:\/\/smirna.cl\/wordpress\/?p=714"},"modified":"2020-04-26T18:37:10","modified_gmt":"2020-04-26T22:37:10","slug":"boletin-informativo-n-233-junio-julio-2018","status":"publish","type":"post","link":"https:\/\/smirna.cl\/wordpress\/boletin-informativo-n-233-junio-julio-2018\/","title":{"rendered":"BOLET\u00cdN  INFORMATIVO N\u00b0 233  Junio  &#8211; Julio 2018"},"content":{"rendered":"<p><strong><u>DEL PASTOR:<\/u><\/strong><\/p>\n<p>La sabidur\u00eda de Salom\u00f3n, que sobrepas\u00f3 los l\u00edmites de Israel y lleg\u00f3 a ser reconocida hasta en lugares remotos, fue no un m\u00e9rito personal, sino el resultado de su vida de oraci\u00f3n. \u00a1Es una gran lecci\u00f3n para nosotros! Si queremos ser santos en esta vida tenemos que derramar nuestro coraz\u00f3n en oraci\u00f3n ardiente ante nuestro buen y omnipotente Padre: <strong><em>\u201cSi alguno de vosotros tiene falta de sabidur\u00eda, dem\u00e1ndela a Dios, el cual da a todos abundantemente, y no zahiere;\u00a0 y le ser\u00e1 dada\u201d (Santiago 1:5)<\/em><\/strong><\/p>\n<p>El nos har\u00e1 sabios con su Palabra: <strong><em>\u201cLa ley de Jehov\u00e1 es perfecta, que\u00a0vuelve el alma; El testimonio de Jehov\u00e1, fiel, que hace sabio al\u00a0 peque\u00f1o\u201d\u00a0 (Salmo 19:7)<\/em><\/strong>.\u00a0 La mayor sabidur\u00eda que podemos tener es conocer a Dios como lo m\u00e1s importante en nuestra vida, conocerlo como nuestra vida misma.<\/p>\n<p>\u00a1Amados hermanos!\u00a0 \u00a1Qu\u00e9 triste y qu\u00e9 gran fracaso ser\u00eda que no nos interesara ser sabios\u00a0 y por eso no le di\u00e9ramos a la oraci\u00f3n y a la Biblia el lugar que les corresponde en nuestra vida!<\/p>\n<p>\u00a1D\u00e9mosles ese lugar y la santidad y sabidur\u00eda que Dios producir\u00e1 en nosotros por medio de ellos sobrepasar\u00e1 los l\u00edmites de nuestro hogar e Iglesia y nos satisfar\u00e1 abundantemente!<\/p>\n<p>\u00a1Seremos felices con una anticipaci\u00f3n del cielo!<\/p>\n<p><strong><u>NOTICIAS DE JULIO 2018<\/u><\/strong><\/p>\n<p><strong>DOMINGO 01.-<\/strong> Asistencia a la Escuela Dominical de 150 hnos.<\/p>\n<p><strong>DOMINGO 08.-<\/strong> Asistencia a la Escuela Dominical de 168 hnos.<\/p>\n<p><strong>DOMINGO 15.-<\/strong> Asistencia a la Escuela Dominical de 123 hnos.<\/p>\n<p><strong>DOMINGO 22.-<\/strong> Asistencia a la Escuela Dominical de 150 hnos.<\/p>\n<p>Se encuentran de visita el pastor Benur Carre\u00f1o, de la Iglesia Presbiteriana Nacional, con dos nietos y el pastor David Quisbert, quien informa sobre la obra en La Paz, Bolivia.<\/p>\n<p>Tambi\u00e9n est\u00e1 presente la hna. Daniela Mu\u00f1oz, recuperada de un grav\u00edsimo estado de salud.<\/p>\n<p><strong>DOMINGO 29.- <\/strong>Asistencia a la Escuela Dominical de 147 hnos.<\/p>\n<p><strong><u>NOTICIAS DE JUNIO\u00a0 2018<\/u><\/strong><\/p>\n<p><strong>DOMINGO 03.-<\/strong> Asistencia a la Escuela Dominical de 148\u00a0 hnos.<\/p>\n<p>Nos visita el pastor Daniel Kukin (Director de Radio BBN en Chile) y expone el tema \u201cConsejos para padres\u201d<\/p>\n<p>Fallece el padre de la hna. Roxana de Cocca<\/p>\n<p><strong>DOMINGO 10.-<\/strong> Asistencia a la Escuela Dominical de 104 hnos.<\/p>\n<p><strong>DOMINGO 17.-<\/strong> Asistencia a la Escuela Dominical 154 hnos.<\/p>\n<p><strong>VIERNES 22.-<\/strong> Fallece la abuelita de la hna. Miriam de Gonz\u00e1lez, antes miembro de Smirna, ahora de Nueva Antioquia. Los servicios y el funeral son dirigidos por el pastor Le\u00f3nidas Sinuiri.<\/p>\n<p><strong>S\u00c1BADO 23.- <\/strong>Fallece la hna. Irene Carrasco de Bahamondes. Se realizan varios servicios en la Iglesia con predicaci\u00f3n de los hnos. Sergio Tapia y Vladimir Bravo, y Presb\u00edtero Ra\u00fal Rojas y del Pastor Jos\u00e9 Moran. Dirigen hno. Jacob Bahamondes y el Presb\u00edtero V\u00edctor Barrera. Es sepultada el lunes 25, donde oficia el pastor Nadir Carre\u00f1o.<\/p>\n<p><strong>DOMINGO<\/strong> <strong>24.-<\/strong> Asistencia a la Escuela Dominical 182 \u00a0hnos.<\/p>\n<p><strong><u>Pr\u00f3ximas Actividades <\/u><\/strong><\/p>\n<ul>\n<li><strong>Viernes 10 Agosto <\/strong>2\u00b0 Conferencia CIEF RM en IPFB Smirna\u00a0 20:00 Hrs.<\/li>\n<\/ul>\n<ul>\n<li><strong>S\u00e1bado 11 Agosto <\/strong>Reuni\u00f3n Congregacional 11:00 hrs.<\/li>\n<\/ul>\n<ul>\n<li><strong>S\u00e1bado 25 Agosto <\/strong>Presbiterio Distrito Norte en IPFB de Molina, 10.30 Hrs.<\/li>\n<\/ul>\n<ul>\n<li><strong>15 al 18 Septiembre <\/strong>Congreso de J\u00f3venes en IPFB de Rancagua<strong>.<\/strong><\/li>\n<li><strong>15 al 18 Septiembre <\/strong>Congreso de Juveniles en Grupo de Graneros.<\/li>\n<li><strong>S\u00e1bado 29 Septiembre <\/strong>2\u00b0 Reuni\u00f3n Conjunta Mupref y Socapref RM. en Smirna\u00a0 15:00 hrs.<\/li>\n<\/ul>\n<ul>\n<li><strong>S\u00e1bado 6 de Octubre <\/strong>Congreso de Ni\u00f1os en IPFB Smirna.<\/li>\n<li><strong>Domingo 07 Octubre <\/strong>Aniversario IPFB La Cisterna \u2013 16:00 hrs.<\/li>\n<li><strong>12- 14 de Octubre<\/strong> Sesiones del Presbiterio en IPFB El Redentor, Chillan Viejo.<\/li>\n<li><strong>S\u00e1bado 20 Octubre <\/strong>Congreso Socapref en IPFB Coihueco<\/li>\n<\/ul>\n<p><strong><u>________________________________________________<\/u><\/strong><\/p>\n<p><strong>S\u00e1bado 11 de Agosto 2018\u00a0<\/strong><strong>Reuni\u00f3n Congregacional\u00a0<\/strong><strong>inicio 11:00 hrs.<\/strong><\/p>\n","protected":false},"excerpt":{"rendered":"<p>DEL PASTOR: La sabidur\u00eda de Salom\u00f3n, que sobrepas\u00f3 los l\u00edmites de Israel y lleg\u00f3 a ser reconocida hasta en lugares remotos, fue no un m\u00e9rito personal, sino el resultado de su vida de oraci\u00f3n. \u00a1Es una gran lecci\u00f3n para nosotros! Si queremos ser santos en esta vida tenemos que derramar nuestro coraz\u00f3n en oraci\u00f3n ardiente [&hellip;]<\/p>\n","protected":false},"author":3,"featured_media":0,"comment_status":"closed","ping_status":"open","sticky":false,"template":"","format":"standard","meta":{"_monsterinsights_skip_tracking":false,"_monsterinsights_sitenote_active":false,"_monsterinsights_sitenote_note":"","_monsterinsights_sitenote_category":0,"__cvm_playback_settings":[],"__cvm_video_id":"","footnotes":""},"categories":[7],"tags":[],"class_list":["post-714","post","type-post","status-publish","format-standard","hentry","category-boletin"],"yoast_head":"<!-- This site is optimized with the Yoast SEO plugin v27.5 - https:\/\/yoast.com\/product\/yoast-seo-wordpress\/ -->\n<title>BOLET\u00cdN INFORMATIVO N\u00b0 233 Junio - Julio 2018 - Iglesia Smirna<\/title>\n<meta name=\"robots\" content=\"index, follow, max-snippet:-1, max-image-preview:large, max-video-preview:-1\" \/>\n<link rel=\"canonical\" href=\"https:\/\/smirna.cl\/wordpress\/boletin-informativo-n-233-junio-julio-2018\/\" \/>\n<meta property=\"og:locale\" content=\"es_ES\" \/>\n<meta property=\"og:type\" content=\"article\" \/>\n<meta property=\"og:title\" content=\"BOLET\u00cdN INFORMATIVO N\u00b0 233 Junio - Julio 2018 - Iglesia Smirna\" \/>\n<meta property=\"og:description\" content=\"DEL PASTOR: La sabidur\u00eda de Salom\u00f3n, que sobrepas\u00f3 los l\u00edmites de Israel y lleg\u00f3 a ser reconocida hasta en lugares remotos, fue no un m\u00e9rito personal, sino el resultado de su vida de oraci\u00f3n. \u00a1Es una gran lecci\u00f3n para nosotros! Si queremos ser santos en esta vida tenemos que derramar nuestro coraz\u00f3n en oraci\u00f3n ardiente [&hellip;]\" \/>\n<meta property=\"og:url\" content=\"https:\/\/smirna.cl\/wordpress\/boletin-informativo-n-233-junio-julio-2018\/\" \/>\n<meta property=\"og:site_name\" content=\"Iglesia Smirna\" \/>\n<meta property=\"article:publisher\" content=\"http:\/\/www.facebook.com\/iglesiasmirna\/\" \/>\n<meta property=\"article:published_time\" content=\"2018-07-31T00:12:58+00:00\" \/>\n<meta property=\"article:modified_time\" content=\"2020-04-26T22:37:10+00:00\" \/>\n<meta property=\"og:image\" content=\"https:\/\/smirna.cl\/wordpress\/wp-content\/uploads\/2017\/11\/logo-1.jpg\" \/>\n\t<meta property=\"og:image:width\" content=\"65\" \/>\n\t<meta property=\"og:image:height\" content=\"72\" \/>\n\t<meta property=\"og:image:type\" content=\"image\/jpeg\" \/>\n<meta name=\"author\" content=\"Editor\" \/>\n<meta name=\"twitter:label1\" content=\"Escrito por\" \/>\n\t<meta name=\"twitter:data1\" content=\"Editor\" \/>\n\t<meta name=\"twitter:label2\" content=\"Tiempo de lectura\" \/>\n\t<meta name=\"twitter:data2\" content=\"3 minutos\" \/>\n<script type=\"application\/ld+json\" class=\"yoast-schema-graph\">{\"@context\":\"https:\\\/\\\/schema.org\",\"@graph\":[{\"@type\":\"Article\",\"@id\":\"https:\\\/\\\/smirna.cl\\\/wordpress\\\/boletin-informativo-n-233-junio-julio-2018\\\/#article\",\"isPartOf\":{\"@id\":\"https:\\\/\\\/smirna.cl\\\/wordpress\\\/boletin-informativo-n-233-junio-julio-2018\\\/\"},\"author\":{\"name\":\"Editor\",\"@id\":\"https:\\\/\\\/smirna.cl\\\/wordpress\\\/#\\\/schema\\\/person\\\/a6339cfff35f2d5f628919aaaa1cde3a\"},\"headline\":\"BOLET\u00cdN INFORMATIVO N\u00b0 233 Junio &#8211; Julio 2018\",\"datePublished\":\"2018-07-31T00:12:58+00:00\",\"dateModified\":\"2020-04-26T22:37:10+00:00\",\"mainEntityOfPage\":{\"@id\":\"https:\\\/\\\/smirna.cl\\\/wordpress\\\/boletin-informativo-n-233-junio-julio-2018\\\/\"},\"wordCount\":599,\"publisher\":{\"@id\":\"https:\\\/\\\/smirna.cl\\\/wordpress\\\/#organization\"},\"articleSection\":[\"Boletin\"],\"inLanguage\":\"es\"},{\"@type\":\"WebPage\",\"@id\":\"https:\\\/\\\/smirna.cl\\\/wordpress\\\/boletin-informativo-n-233-junio-julio-2018\\\/\",\"url\":\"https:\\\/\\\/smirna.cl\\\/wordpress\\\/boletin-informativo-n-233-junio-julio-2018\\\/\",\"name\":\"BOLET\u00cdN INFORMATIVO N\u00b0 233 Junio - Julio 2018 - Iglesia Smirna\",\"isPartOf\":{\"@id\":\"https:\\\/\\\/smirna.cl\\\/wordpress\\\/#website\"},\"datePublished\":\"2018-07-31T00:12:58+00:00\",\"dateModified\":\"2020-04-26T22:37:10+00:00\",\"breadcrumb\":{\"@id\":\"https:\\\/\\\/smirna.cl\\\/wordpress\\\/boletin-informativo-n-233-junio-julio-2018\\\/#breadcrumb\"},\"inLanguage\":\"es\",\"potentialAction\":[{\"@type\":\"ReadAction\",\"target\":[\"https:\\\/\\\/smirna.cl\\\/wordpress\\\/boletin-informativo-n-233-junio-julio-2018\\\/\"]}]},{\"@type\":\"BreadcrumbList\",\"@id\":\"https:\\\/\\\/smirna.cl\\\/wordpress\\\/boletin-informativo-n-233-junio-julio-2018\\\/#breadcrumb\",\"itemListElement\":[{\"@type\":\"ListItem\",\"position\":1,\"name\":\"Home\",\"item\":\"https:\\\/\\\/smirna.cl\\\/wordpress\\\/\"},{\"@type\":\"ListItem\",\"position\":2,\"name\":\"BOLET\u00cdN INFORMATIVO N\u00b0 233 Junio &#8211; Julio 2018\"}]},{\"@type\":\"WebSite\",\"@id\":\"https:\\\/\\\/smirna.cl\\\/wordpress\\\/#website\",\"url\":\"https:\\\/\\\/smirna.cl\\\/wordpress\\\/\",\"name\":\"Iglesia Smirna\",\"description\":\"Iglesia Smirna\",\"publisher\":{\"@id\":\"https:\\\/\\\/smirna.cl\\\/wordpress\\\/#organization\"},\"potentialAction\":[{\"@type\":\"SearchAction\",\"target\":{\"@type\":\"EntryPoint\",\"urlTemplate\":\"https:\\\/\\\/smirna.cl\\\/wordpress\\\/?s={search_term_string}\"},\"query-input\":{\"@type\":\"PropertyValueSpecification\",\"valueRequired\":true,\"valueName\":\"search_term_string\"}}],\"inLanguage\":\"es\"},{\"@type\":\"Organization\",\"@id\":\"https:\\\/\\\/smirna.cl\\\/wordpress\\\/#organization\",\"name\":\"Iglesia Smirna\",\"url\":\"https:\\\/\\\/smirna.cl\\\/wordpress\\\/\",\"logo\":{\"@type\":\"ImageObject\",\"inLanguage\":\"es\",\"@id\":\"https:\\\/\\\/smirna.cl\\\/wordpress\\\/#\\\/schema\\\/logo\\\/image\\\/\",\"url\":\"http:\\\/\\\/smirna.cl\\\/wordpress\\\/wp-content\\\/uploads\\\/2017\\\/11\\\/logo-1.jpg\",\"contentUrl\":\"http:\\\/\\\/smirna.cl\\\/wordpress\\\/wp-content\\\/uploads\\\/2017\\\/11\\\/logo-1.jpg\",\"width\":65,\"height\":72,\"caption\":\"Iglesia Smirna\"},\"image\":{\"@id\":\"https:\\\/\\\/smirna.cl\\\/wordpress\\\/#\\\/schema\\\/logo\\\/image\\\/\"},\"sameAs\":[\"http:\\\/\\\/www.facebook.com\\\/iglesiasmirna\\\/\",\"https:\\\/\\\/www.youtube.com\\\/channel\\\/UCNLg72edfDxAGpMGOHgxXMA\"]},{\"@type\":\"Person\",\"@id\":\"https:\\\/\\\/smirna.cl\\\/wordpress\\\/#\\\/schema\\\/person\\\/a6339cfff35f2d5f628919aaaa1cde3a\",\"name\":\"Editor\",\"image\":{\"@type\":\"ImageObject\",\"inLanguage\":\"es\",\"@id\":\"https:\\\/\\\/secure.gravatar.com\\\/avatar\\\/65949aba4548a5b9a86cb625d9f5480bf958558e08b52b4fd77afed289e1b253?s=96&d=mm&r=g\",\"url\":\"https:\\\/\\\/secure.gravatar.com\\\/avatar\\\/65949aba4548a5b9a86cb625d9f5480bf958558e08b52b4fd77afed289e1b253?s=96&d=mm&r=g\",\"contentUrl\":\"https:\\\/\\\/secure.gravatar.com\\\/avatar\\\/65949aba4548a5b9a86cb625d9f5480bf958558e08b52b4fd77afed289e1b253?s=96&d=mm&r=g\",\"caption\":\"Editor\"},\"url\":\"https:\\\/\\\/smirna.cl\\\/wordpress\\\/author\\\/claudio\\\/\"}]}<\/script>\n<!-- \/ Yoast SEO plugin. -->","yoast_head_json":{"title":"BOLET\u00cdN INFORMATIVO N\u00b0 233 Junio - Julio 2018 - Iglesia Smirna","robots":{"index":"index","follow":"follow","max-snippet":"max-snippet:-1","max-image-preview":"max-image-preview:large","max-video-preview":"max-video-preview:-1"},"canonical":"https:\/\/smirna.cl\/wordpress\/boletin-informativo-n-233-junio-julio-2018\/","og_locale":"es_ES","og_type":"article","og_title":"BOLET\u00cdN INFORMATIVO N\u00b0 233 Junio - Julio 2018 - Iglesia Smirna","og_description":"DEL PASTOR: La sabidur\u00eda de Salom\u00f3n, que sobrepas\u00f3 los l\u00edmites de Israel y lleg\u00f3 a ser reconocida hasta en lugares remotos, fue no un m\u00e9rito personal, sino el resultado de su vida de oraci\u00f3n. \u00a1Es una gran lecci\u00f3n para nosotros! Si queremos ser santos en esta vida tenemos que derramar nuestro coraz\u00f3n en oraci\u00f3n ardiente [&hellip;]","og_url":"https:\/\/smirna.cl\/wordpress\/boletin-informativo-n-233-junio-julio-2018\/","og_site_name":"Iglesia Smirna","article_publisher":"http:\/\/www.facebook.com\/iglesiasmirna\/","article_published_time":"2018-07-31T00:12:58+00:00","article_modified_time":"2020-04-26T22:37:10+00:00","og_image":[{"width":65,"height":72,"url":"https:\/\/smirna.cl\/wordpress\/wp-content\/uploads\/2017\/11\/logo-1.jpg","type":"image\/jpeg"}],"author":"Editor","twitter_misc":{"Escrito por":"Editor","Tiempo de lectura":"3 minutos"},"schema":{"@context":"https:\/\/schema.org","@graph":[{"@type":"Article","@id":"https:\/\/smirna.cl\/wordpress\/boletin-informativo-n-233-junio-julio-2018\/#article","isPartOf":{"@id":"https:\/\/smirna.cl\/wordpress\/boletin-informativo-n-233-junio-julio-2018\/"},"author":{"name":"Editor","@id":"https:\/\/smirna.cl\/wordpress\/#\/schema\/person\/a6339cfff35f2d5f628919aaaa1cde3a"},"headline":"BOLET\u00cdN INFORMATIVO N\u00b0 233 Junio &#8211; Julio 2018","datePublished":"2018-07-31T00:12:58+00:00","dateModified":"2020-04-26T22:37:10+00:00","mainEntityOfPage":{"@id":"https:\/\/smirna.cl\/wordpress\/boletin-informativo-n-233-junio-julio-2018\/"},"wordCount":599,"publisher":{"@id":"https:\/\/smirna.cl\/wordpress\/#organization"},"articleSection":["Boletin"],"inLanguage":"es"},{"@type":"WebPage","@id":"https:\/\/smirna.cl\/wordpress\/boletin-informativo-n-233-junio-julio-2018\/","url":"https:\/\/smirna.cl\/wordpress\/boletin-informativo-n-233-junio-julio-2018\/","name":"BOLET\u00cdN INFORMATIVO N\u00b0 233 Junio - Julio 2018 - Iglesia Smirna","isPartOf":{"@id":"https:\/\/smirna.cl\/wordpress\/#website"},"datePublished":"2018-07-31T00:12:58+00:00","dateModified":"2020-04-26T22:37:10+00:00","breadcrumb":{"@id":"https:\/\/smirna.cl\/wordpress\/boletin-informativo-n-233-junio-julio-2018\/#breadcrumb"},"inLanguage":"es","potentialAction":[{"@type":"ReadAction","target":["https:\/\/smirna.cl\/wordpress\/boletin-informativo-n-233-junio-julio-2018\/"]}]},{"@type":"BreadcrumbList","@id":"https:\/\/smirna.cl\/wordpress\/boletin-informativo-n-233-junio-julio-2018\/#breadcrumb","itemListElement":[{"@type":"ListItem","position":1,"name":"Home","item":"https:\/\/smirna.cl\/wordpress\/"},{"@type":"ListItem","position":2,"name":"BOLET\u00cdN INFORMATIVO N\u00b0 233 Junio &#8211; Julio 2018"}]},{"@type":"WebSite","@id":"https:\/\/smirna.cl\/wordpress\/#website","url":"https:\/\/smirna.cl\/wordpress\/","name":"Iglesia Smirna","description":"Iglesia Smirna","publisher":{"@id":"https:\/\/smirna.cl\/wordpress\/#organization"},"potentialAction":[{"@type":"SearchAction","target":{"@type":"EntryPoint","urlTemplate":"https:\/\/smirna.cl\/wordpress\/?s={search_term_string}"},"query-input":{"@type":"PropertyValueSpecification","valueRequired":true,"valueName":"search_term_string"}}],"inLanguage":"es"},{"@type":"Organization","@id":"https:\/\/smirna.cl\/wordpress\/#organization","name":"Iglesia Smirna","url":"https:\/\/smirna.cl\/wordpress\/","logo":{"@type":"ImageObject","inLanguage":"es","@id":"https:\/\/smirna.cl\/wordpress\/#\/schema\/logo\/image\/","url":"http:\/\/smirna.cl\/wordpress\/wp-content\/uploads\/2017\/11\/logo-1.jpg","contentUrl":"http:\/\/smirna.cl\/wordpress\/wp-content\/uploads\/2017\/11\/logo-1.jpg","width":65,"height":72,"caption":"Iglesia Smirna"},"image":{"@id":"https:\/\/smirna.cl\/wordpress\/#\/schema\/logo\/image\/"},"sameAs":["http:\/\/www.facebook.com\/iglesiasmirna\/","https:\/\/www.youtube.com\/channel\/UCNLg72edfDxAGpMGOHgxXMA"]},{"@type":"Person","@id":"https:\/\/smirna.cl\/wordpress\/#\/schema\/person\/a6339cfff35f2d5f628919aaaa1cde3a","name":"Editor","image":{"@type":"ImageObject","inLanguage":"es","@id":"https:\/\/secure.gravatar.com\/avatar\/65949aba4548a5b9a86cb625d9f5480bf958558e08b52b4fd77afed289e1b253?s=96&d=mm&r=g","url":"https:\/\/secure.gravatar.com\/avatar\/65949aba4548a5b9a86cb625d9f5480bf958558e08b52b4fd77afed289e1b253?s=96&d=mm&r=g","contentUrl":"https:\/\/secure.gravatar.com\/avatar\/65949aba4548a5b9a86cb625d9f5480bf958558e08b52b4fd77afed289e1b253?s=96&d=mm&r=g","caption":"Editor"},"url":"https:\/\/smirna.cl\/wordpress\/author\/claudio\/"}]}},"_links":{"self":[{"href":"https:\/\/smirna.cl\/wordpress\/wp-json\/wp\/v2\/posts\/714","targetHints":{"allow":["GET"]}}],"collection":[{"href":"https:\/\/smirna.cl\/wordpress\/wp-json\/wp\/v2\/posts"}],"about":[{"href":"https:\/\/smirna.cl\/wordpress\/wp-json\/wp\/v2\/types\/post"}],"author":[{"embeddable":true,"href":"https:\/\/smirna.cl\/wordpress\/wp-json\/wp\/v2\/users\/3"}],"replies":[{"embeddable":true,"href":"https:\/\/smirna.cl\/wordpress\/wp-json\/wp\/v2\/comments?post=714"}],"version-history":[{"count":1,"href":"https:\/\/smirna.cl\/wordpress\/wp-json\/wp\/v2\/posts\/714\/revisions"}],"predecessor-version":[{"id":2019,"href":"https:\/\/smirna.cl\/wordpress\/wp-json\/wp\/v2\/posts\/714\/revisions\/2019"}],"wp:attachment":[{"href":"https:\/\/smirna.cl\/wordpress\/wp-json\/wp\/v2\/media?parent=714"}],"wp:term":[{"taxonomy":"category","embeddable":true,"href":"https:\/\/smirna.cl\/wordpress\/wp-json\/wp\/v2\/categories?post=714"},{"taxonomy":"post_tag","embeddable":true,"href":"https:\/\/smirna.cl\/wordpress\/wp-json\/wp\/v2\/tags?post=714"}],"curies":[{"name":"wp","href":"https:\/\/api.w.org\/{rel}","templated":true}]}}