{"id":702,"date":"2017-09-30T19:59:32","date_gmt":"2017-09-30T22:59:32","guid":{"rendered":"http:\/\/smirna.cl\/wordpress\/?p=702"},"modified":"2020-04-26T18:36:09","modified_gmt":"2020-04-26T22:36:09","slug":"boletin-informativo-n-228-agosto-septiembre-2017","status":"publish","type":"post","link":"https:\/\/smirna.cl\/wordpress\/boletin-informativo-n-228-agosto-septiembre-2017\/","title":{"rendered":"BOLETIN INFORMATIVO N\u00b0 228 Agosto &#8211; Septiembre 2017"},"content":{"rendered":"<p><strong><u>DEL PASTOR:<\/u><\/strong><\/p>\n<p>Si hemos aceptado el llamado del Se\u00f1or, estamos santificados, es decir hemos sido sacados del\u00a0 mundo,\u00a0 para ser de Dios y servirle. Le pertenecemos al Padre.<\/p>\n<p>Esto no debe ser te\u00f3rico, sino que\u00a0 debe manifestarse en nuestras acciones, pensamientos y prop\u00f3sitos, en nuestra pureza, rectitud, amor a todos, especialmente a los hermanos.<\/p>\n<p>No olvidemos que Dios conoce todo esto y que tendremos que dar cuenta.<\/p>\n<p><strong><u>NOTICIAS DE AGOSTO 2017<\/u><\/strong><\/p>\n<p><strong><em>S\u00c1BADO 5:\u00a0 <\/em><\/strong><em>Reuni\u00f3n de JUPNAF en Smirna<\/em><\/p>\n<p><strong><em>DOMINGO 6: <\/em><\/strong><em>Asistencia a la Escuela Dominical: 164 Hnos.<\/em><\/p>\n<p><strong><em>S\u00c1BADO 12: <\/em><\/strong><em>Asamblea Congregacional de Fin de A\u00f1o Eclesi\u00e1stico<\/em><\/p>\n<p><strong><em>DOMINGO 13: <\/em><\/strong><em>Asistencia a la Escuela Dominical: 141 Hnos.<\/em><\/p>\n<p><strong><em>DOMINGO 20:\u00a0 <\/em><\/strong><em>Asistencia a Escuela Dominical: 176 Hnos.<\/em><\/p>\n<p><em>En la tarde la hermana Ang\u00e9lica Crooker, de la Iglesia\u00a0\u00a0 Metodista Independiente da una charla informativa sobre\u00a0\u00a0 proyecto de ley Ideolog\u00eda de Genero a todas las Sociedades de la Iglesia.<\/em><\/p>\n<p><strong><em>S\u00c1BADO 26: Reuni\u00f3n<\/em><\/strong><em> del Presbiterio Norte en Romeral. Asisten el Pastor Nadir Carre\u00f1o y los Ancianos Ovidio Ram\u00edrez, Nelson Arriagada, V\u00edctor Barrera y de los Grupos los Licenciados Jorge Vald\u00e9s y Eliseo Colicheo.<\/em><\/p>\n<p><strong><em>DOMINGO 27: <\/em><\/strong><em>Asistencia a la Escuela Dominical: 184 Hnos.<\/em><\/p>\n<p>&nbsp;<\/p>\n<p><strong><u>NOTICIAS DE SEPTIEMBRE 2017<\/u><\/strong><\/p>\n<p><em>El <strong>Pastor Nadir Carre\u00f1o<\/strong> presenta el Tema: <strong>\u201cUna Iglesia Firme y Constante\u201d<\/strong><\/em><\/p>\n<p><em>La comisi\u00f3n de Asuntos Sociales realiza una reuni\u00f3n recreativa, para\u00a0 celebrar las Fiestas Patrias.<\/em><\/p>\n<p><strong><em>DOMINGO 3:\u00a0 <\/em><\/strong><em>Asistencia a la Escuela Dominical: 198 Hnos.<\/em><\/p>\n<p><strong><em>DOMINGO 10: <\/em><\/strong><em>Asistencia a la Escuela Dominical: 152 Hnos.<\/em><\/p>\n<p><em>Se encomienda en Oraci\u00f3n la Hna. Mariela de Aedo para su cargo de\u00a0 Diaconisa, para el cual la eligi\u00f3 la Asamblea Congregacional.<\/em><\/p>\n<p><em>En Villa R\u00edos fue ordenado como Anciano Gobernante al Hno. Rub\u00e9n P\u00e9rez, elegido tambi\u00e9n por la Asamblea Congregacional.<\/em><\/p>\n<p><em>Se realizo el Culto de Evangelizaci\u00f3n de Fiestas Patrias, Predica el Presb\u00edtero Ra\u00fal Rojas. Un matrimonio y tres ni\u00f1os\u00a0 expresan su decisi\u00f3n de aceptar a Cristo.<\/em><\/p>\n<p><strong><em>S\u00c1BADO 16: <\/em><\/strong><em>Congreso de J\u00f3venes en Constituci\u00f3n y de Juveniles en Talca (Buena asistencia de hermanos\u00a0 de Smirna)\u00a0 hasta lunes el 18.<\/em><\/p>\n<p><strong><em>Domingo 17: <\/em><\/strong><em>Asistencia a la Escuela Dominical: 98 Hnos.<\/em><\/p>\n<p><em>En el Culto predica el Hno. Igor Palma, profesor de Hebreo y Griego del Seminario.<\/em><\/p>\n<p><strong><em>DOMINGO 24:\u00a0 <\/em><\/strong><em>Asistencia a la Escuela Dominical: 184 Hnos.<\/em><\/p>\n<p><em>En la tarde el Hno. Eleazar Colicheo presenta el Tema:\u00a0 <strong>\u201cEl Aborto en Chile\u201d<\/strong>\u00a0\u00a0 a todas las Sociedades de la Iglesia.<\/em><\/p>\n<p><strong><em>LUNES 25: Nace<\/em><\/strong><em> Crist\u00f3bal, hijito primog\u00e9nito de los hnos.\u00a0 Jorge Fuenzalida y Daniela Segovia de Fuenzalida.<\/em><\/p>\n","protected":false},"excerpt":{"rendered":"<p>DEL PASTOR: Si hemos aceptado el llamado del Se\u00f1or, estamos santificados, es decir hemos sido sacados del\u00a0 mundo,\u00a0 para ser de Dios y servirle. Le pertenecemos al Padre. Esto no debe ser te\u00f3rico, sino que\u00a0 debe manifestarse en nuestras acciones, pensamientos y prop\u00f3sitos, en nuestra pureza, rectitud, amor a todos, especialmente a los hermanos. No [&hellip;]<\/p>\n","protected":false},"author":3,"featured_media":0,"comment_status":"open","ping_status":"open","sticky":false,"template":"","format":"standard","meta":{"_monsterinsights_skip_tracking":false,"_monsterinsights_sitenote_active":false,"_monsterinsights_sitenote_note":"","_monsterinsights_sitenote_category":0,"__cvm_playback_settings":[],"__cvm_video_id":"","footnotes":""},"categories":[7],"tags":[],"class_list":["post-702","post","type-post","status-publish","format-standard","hentry","category-boletin"],"yoast_head":"<!-- This site is optimized with the Yoast SEO plugin v27.5 - https:\/\/yoast.com\/product\/yoast-seo-wordpress\/ -->\n<title>BOLETIN INFORMATIVO N\u00b0 228 Agosto - Septiembre 2017 - Iglesia Smirna<\/title>\n<meta name=\"robots\" content=\"index, follow, max-snippet:-1, max-image-preview:large, max-video-preview:-1\" \/>\n<link rel=\"canonical\" href=\"https:\/\/smirna.cl\/wordpress\/boletin-informativo-n-228-agosto-septiembre-2017\/\" \/>\n<meta property=\"og:locale\" content=\"es_ES\" \/>\n<meta property=\"og:type\" content=\"article\" \/>\n<meta property=\"og:title\" content=\"BOLETIN INFORMATIVO N\u00b0 228 Agosto - Septiembre 2017 - Iglesia Smirna\" \/>\n<meta property=\"og:description\" content=\"DEL PASTOR: Si hemos aceptado el llamado del Se\u00f1or, estamos santificados, es decir hemos sido sacados del\u00a0 mundo,\u00a0 para ser de Dios y servirle. Le pertenecemos al Padre. Esto no debe ser te\u00f3rico, sino que\u00a0 debe manifestarse en nuestras acciones, pensamientos y prop\u00f3sitos, en nuestra pureza, rectitud, amor a todos, especialmente a los hermanos. No [&hellip;]\" \/>\n<meta property=\"og:url\" content=\"https:\/\/smirna.cl\/wordpress\/boletin-informativo-n-228-agosto-septiembre-2017\/\" \/>\n<meta property=\"og:site_name\" content=\"Iglesia Smirna\" \/>\n<meta property=\"article:publisher\" content=\"http:\/\/www.facebook.com\/iglesiasmirna\/\" \/>\n<meta property=\"article:published_time\" content=\"2017-09-30T22:59:32+00:00\" \/>\n<meta property=\"article:modified_time\" content=\"2020-04-26T22:36:09+00:00\" \/>\n<meta property=\"og:image\" content=\"https:\/\/smirna.cl\/wordpress\/wp-content\/uploads\/2017\/11\/logo-1.jpg\" \/>\n\t<meta property=\"og:image:width\" content=\"65\" \/>\n\t<meta property=\"og:image:height\" content=\"72\" \/>\n\t<meta property=\"og:image:type\" content=\"image\/jpeg\" \/>\n<meta name=\"author\" content=\"Editor\" \/>\n<meta name=\"twitter:label1\" content=\"Escrito por\" \/>\n\t<meta name=\"twitter:data1\" content=\"Editor\" \/>\n\t<meta name=\"twitter:label2\" content=\"Tiempo de lectura\" \/>\n\t<meta name=\"twitter:data2\" content=\"2 minutos\" \/>\n<script type=\"application\/ld+json\" class=\"yoast-schema-graph\">{\"@context\":\"https:\\\/\\\/schema.org\",\"@graph\":[{\"@type\":\"Article\",\"@id\":\"https:\\\/\\\/smirna.cl\\\/wordpress\\\/boletin-informativo-n-228-agosto-septiembre-2017\\\/#article\",\"isPartOf\":{\"@id\":\"https:\\\/\\\/smirna.cl\\\/wordpress\\\/boletin-informativo-n-228-agosto-septiembre-2017\\\/\"},\"author\":{\"name\":\"Editor\",\"@id\":\"https:\\\/\\\/smirna.cl\\\/wordpress\\\/#\\\/schema\\\/person\\\/a6339cfff35f2d5f628919aaaa1cde3a\"},\"headline\":\"BOLETIN INFORMATIVO N\u00b0 228 Agosto &#8211; Septiembre 2017\",\"datePublished\":\"2017-09-30T22:59:32+00:00\",\"dateModified\":\"2020-04-26T22:36:09+00:00\",\"mainEntityOfPage\":{\"@id\":\"https:\\\/\\\/smirna.cl\\\/wordpress\\\/boletin-informativo-n-228-agosto-septiembre-2017\\\/\"},\"wordCount\":408,\"commentCount\":0,\"publisher\":{\"@id\":\"https:\\\/\\\/smirna.cl\\\/wordpress\\\/#organization\"},\"articleSection\":[\"Boletin\"],\"inLanguage\":\"es\",\"potentialAction\":[{\"@type\":\"CommentAction\",\"name\":\"Comment\",\"target\":[\"https:\\\/\\\/smirna.cl\\\/wordpress\\\/boletin-informativo-n-228-agosto-septiembre-2017\\\/#respond\"]}]},{\"@type\":\"WebPage\",\"@id\":\"https:\\\/\\\/smirna.cl\\\/wordpress\\\/boletin-informativo-n-228-agosto-septiembre-2017\\\/\",\"url\":\"https:\\\/\\\/smirna.cl\\\/wordpress\\\/boletin-informativo-n-228-agosto-septiembre-2017\\\/\",\"name\":\"BOLETIN INFORMATIVO N\u00b0 228 Agosto - Septiembre 2017 - Iglesia Smirna\",\"isPartOf\":{\"@id\":\"https:\\\/\\\/smirna.cl\\\/wordpress\\\/#website\"},\"datePublished\":\"2017-09-30T22:59:32+00:00\",\"dateModified\":\"2020-04-26T22:36:09+00:00\",\"breadcrumb\":{\"@id\":\"https:\\\/\\\/smirna.cl\\\/wordpress\\\/boletin-informativo-n-228-agosto-septiembre-2017\\\/#breadcrumb\"},\"inLanguage\":\"es\",\"potentialAction\":[{\"@type\":\"ReadAction\",\"target\":[\"https:\\\/\\\/smirna.cl\\\/wordpress\\\/boletin-informativo-n-228-agosto-septiembre-2017\\\/\"]}]},{\"@type\":\"BreadcrumbList\",\"@id\":\"https:\\\/\\\/smirna.cl\\\/wordpress\\\/boletin-informativo-n-228-agosto-septiembre-2017\\\/#breadcrumb\",\"itemListElement\":[{\"@type\":\"ListItem\",\"position\":1,\"name\":\"Home\",\"item\":\"https:\\\/\\\/smirna.cl\\\/wordpress\\\/\"},{\"@type\":\"ListItem\",\"position\":2,\"name\":\"BOLETIN INFORMATIVO N\u00b0 228 Agosto &#8211; Septiembre 2017\"}]},{\"@type\":\"WebSite\",\"@id\":\"https:\\\/\\\/smirna.cl\\\/wordpress\\\/#website\",\"url\":\"https:\\\/\\\/smirna.cl\\\/wordpress\\\/\",\"name\":\"Iglesia Smirna\",\"description\":\"Iglesia Smirna\",\"publisher\":{\"@id\":\"https:\\\/\\\/smirna.cl\\\/wordpress\\\/#organization\"},\"potentialAction\":[{\"@type\":\"SearchAction\",\"target\":{\"@type\":\"EntryPoint\",\"urlTemplate\":\"https:\\\/\\\/smirna.cl\\\/wordpress\\\/?s={search_term_string}\"},\"query-input\":{\"@type\":\"PropertyValueSpecification\",\"valueRequired\":true,\"valueName\":\"search_term_string\"}}],\"inLanguage\":\"es\"},{\"@type\":\"Organization\",\"@id\":\"https:\\\/\\\/smirna.cl\\\/wordpress\\\/#organization\",\"name\":\"Iglesia Smirna\",\"url\":\"https:\\\/\\\/smirna.cl\\\/wordpress\\\/\",\"logo\":{\"@type\":\"ImageObject\",\"inLanguage\":\"es\",\"@id\":\"https:\\\/\\\/smirna.cl\\\/wordpress\\\/#\\\/schema\\\/logo\\\/image\\\/\",\"url\":\"http:\\\/\\\/smirna.cl\\\/wordpress\\\/wp-content\\\/uploads\\\/2017\\\/11\\\/logo-1.jpg\",\"contentUrl\":\"http:\\\/\\\/smirna.cl\\\/wordpress\\\/wp-content\\\/uploads\\\/2017\\\/11\\\/logo-1.jpg\",\"width\":65,\"height\":72,\"caption\":\"Iglesia Smirna\"},\"image\":{\"@id\":\"https:\\\/\\\/smirna.cl\\\/wordpress\\\/#\\\/schema\\\/logo\\\/image\\\/\"},\"sameAs\":[\"http:\\\/\\\/www.facebook.com\\\/iglesiasmirna\\\/\",\"https:\\\/\\\/www.youtube.com\\\/channel\\\/UCNLg72edfDxAGpMGOHgxXMA\"]},{\"@type\":\"Person\",\"@id\":\"https:\\\/\\\/smirna.cl\\\/wordpress\\\/#\\\/schema\\\/person\\\/a6339cfff35f2d5f628919aaaa1cde3a\",\"name\":\"Editor\",\"image\":{\"@type\":\"ImageObject\",\"inLanguage\":\"es\",\"@id\":\"https:\\\/\\\/secure.gravatar.com\\\/avatar\\\/65949aba4548a5b9a86cb625d9f5480bf958558e08b52b4fd77afed289e1b253?s=96&d=mm&r=g\",\"url\":\"https:\\\/\\\/secure.gravatar.com\\\/avatar\\\/65949aba4548a5b9a86cb625d9f5480bf958558e08b52b4fd77afed289e1b253?s=96&d=mm&r=g\",\"contentUrl\":\"https:\\\/\\\/secure.gravatar.com\\\/avatar\\\/65949aba4548a5b9a86cb625d9f5480bf958558e08b52b4fd77afed289e1b253?s=96&d=mm&r=g\",\"caption\":\"Editor\"},\"url\":\"https:\\\/\\\/smirna.cl\\\/wordpress\\\/author\\\/claudio\\\/\"}]}<\/script>\n<!-- \/ Yoast SEO plugin. -->","yoast_head_json":{"title":"BOLETIN INFORMATIVO N\u00b0 228 Agosto - Septiembre 2017 - Iglesia Smirna","robots":{"index":"index","follow":"follow","max-snippet":"max-snippet:-1","max-image-preview":"max-image-preview:large","max-video-preview":"max-video-preview:-1"},"canonical":"https:\/\/smirna.cl\/wordpress\/boletin-informativo-n-228-agosto-septiembre-2017\/","og_locale":"es_ES","og_type":"article","og_title":"BOLETIN INFORMATIVO N\u00b0 228 Agosto - Septiembre 2017 - Iglesia Smirna","og_description":"DEL PASTOR: Si hemos aceptado el llamado del Se\u00f1or, estamos santificados, es decir hemos sido sacados del\u00a0 mundo,\u00a0 para ser de Dios y servirle. Le pertenecemos al Padre. Esto no debe ser te\u00f3rico, sino que\u00a0 debe manifestarse en nuestras acciones, pensamientos y prop\u00f3sitos, en nuestra pureza, rectitud, amor a todos, especialmente a los hermanos. No [&hellip;]","og_url":"https:\/\/smirna.cl\/wordpress\/boletin-informativo-n-228-agosto-septiembre-2017\/","og_site_name":"Iglesia Smirna","article_publisher":"http:\/\/www.facebook.com\/iglesiasmirna\/","article_published_time":"2017-09-30T22:59:32+00:00","article_modified_time":"2020-04-26T22:36:09+00:00","og_image":[{"width":65,"height":72,"url":"https:\/\/smirna.cl\/wordpress\/wp-content\/uploads\/2017\/11\/logo-1.jpg","type":"image\/jpeg"}],"author":"Editor","twitter_misc":{"Escrito por":"Editor","Tiempo de lectura":"2 minutos"},"schema":{"@context":"https:\/\/schema.org","@graph":[{"@type":"Article","@id":"https:\/\/smirna.cl\/wordpress\/boletin-informativo-n-228-agosto-septiembre-2017\/#article","isPartOf":{"@id":"https:\/\/smirna.cl\/wordpress\/boletin-informativo-n-228-agosto-septiembre-2017\/"},"author":{"name":"Editor","@id":"https:\/\/smirna.cl\/wordpress\/#\/schema\/person\/a6339cfff35f2d5f628919aaaa1cde3a"},"headline":"BOLETIN INFORMATIVO N\u00b0 228 Agosto &#8211; Septiembre 2017","datePublished":"2017-09-30T22:59:32+00:00","dateModified":"2020-04-26T22:36:09+00:00","mainEntityOfPage":{"@id":"https:\/\/smirna.cl\/wordpress\/boletin-informativo-n-228-agosto-septiembre-2017\/"},"wordCount":408,"commentCount":0,"publisher":{"@id":"https:\/\/smirna.cl\/wordpress\/#organization"},"articleSection":["Boletin"],"inLanguage":"es","potentialAction":[{"@type":"CommentAction","name":"Comment","target":["https:\/\/smirna.cl\/wordpress\/boletin-informativo-n-228-agosto-septiembre-2017\/#respond"]}]},{"@type":"WebPage","@id":"https:\/\/smirna.cl\/wordpress\/boletin-informativo-n-228-agosto-septiembre-2017\/","url":"https:\/\/smirna.cl\/wordpress\/boletin-informativo-n-228-agosto-septiembre-2017\/","name":"BOLETIN INFORMATIVO N\u00b0 228 Agosto - Septiembre 2017 - Iglesia Smirna","isPartOf":{"@id":"https:\/\/smirna.cl\/wordpress\/#website"},"datePublished":"2017-09-30T22:59:32+00:00","dateModified":"2020-04-26T22:36:09+00:00","breadcrumb":{"@id":"https:\/\/smirna.cl\/wordpress\/boletin-informativo-n-228-agosto-septiembre-2017\/#breadcrumb"},"inLanguage":"es","potentialAction":[{"@type":"ReadAction","target":["https:\/\/smirna.cl\/wordpress\/boletin-informativo-n-228-agosto-septiembre-2017\/"]}]},{"@type":"BreadcrumbList","@id":"https:\/\/smirna.cl\/wordpress\/boletin-informativo-n-228-agosto-septiembre-2017\/#breadcrumb","itemListElement":[{"@type":"ListItem","position":1,"name":"Home","item":"https:\/\/smirna.cl\/wordpress\/"},{"@type":"ListItem","position":2,"name":"BOLETIN INFORMATIVO N\u00b0 228 Agosto &#8211; Septiembre 2017"}]},{"@type":"WebSite","@id":"https:\/\/smirna.cl\/wordpress\/#website","url":"https:\/\/smirna.cl\/wordpress\/","name":"Iglesia Smirna","description":"Iglesia Smirna","publisher":{"@id":"https:\/\/smirna.cl\/wordpress\/#organization"},"potentialAction":[{"@type":"SearchAction","target":{"@type":"EntryPoint","urlTemplate":"https:\/\/smirna.cl\/wordpress\/?s={search_term_string}"},"query-input":{"@type":"PropertyValueSpecification","valueRequired":true,"valueName":"search_term_string"}}],"inLanguage":"es"},{"@type":"Organization","@id":"https:\/\/smirna.cl\/wordpress\/#organization","name":"Iglesia Smirna","url":"https:\/\/smirna.cl\/wordpress\/","logo":{"@type":"ImageObject","inLanguage":"es","@id":"https:\/\/smirna.cl\/wordpress\/#\/schema\/logo\/image\/","url":"http:\/\/smirna.cl\/wordpress\/wp-content\/uploads\/2017\/11\/logo-1.jpg","contentUrl":"http:\/\/smirna.cl\/wordpress\/wp-content\/uploads\/2017\/11\/logo-1.jpg","width":65,"height":72,"caption":"Iglesia Smirna"},"image":{"@id":"https:\/\/smirna.cl\/wordpress\/#\/schema\/logo\/image\/"},"sameAs":["http:\/\/www.facebook.com\/iglesiasmirna\/","https:\/\/www.youtube.com\/channel\/UCNLg72edfDxAGpMGOHgxXMA"]},{"@type":"Person","@id":"https:\/\/smirna.cl\/wordpress\/#\/schema\/person\/a6339cfff35f2d5f628919aaaa1cde3a","name":"Editor","image":{"@type":"ImageObject","inLanguage":"es","@id":"https:\/\/secure.gravatar.com\/avatar\/65949aba4548a5b9a86cb625d9f5480bf958558e08b52b4fd77afed289e1b253?s=96&d=mm&r=g","url":"https:\/\/secure.gravatar.com\/avatar\/65949aba4548a5b9a86cb625d9f5480bf958558e08b52b4fd77afed289e1b253?s=96&d=mm&r=g","contentUrl":"https:\/\/secure.gravatar.com\/avatar\/65949aba4548a5b9a86cb625d9f5480bf958558e08b52b4fd77afed289e1b253?s=96&d=mm&r=g","caption":"Editor"},"url":"https:\/\/smirna.cl\/wordpress\/author\/claudio\/"}]}},"_links":{"self":[{"href":"https:\/\/smirna.cl\/wordpress\/wp-json\/wp\/v2\/posts\/702","targetHints":{"allow":["GET"]}}],"collection":[{"href":"https:\/\/smirna.cl\/wordpress\/wp-json\/wp\/v2\/posts"}],"about":[{"href":"https:\/\/smirna.cl\/wordpress\/wp-json\/wp\/v2\/types\/post"}],"author":[{"embeddable":true,"href":"https:\/\/smirna.cl\/wordpress\/wp-json\/wp\/v2\/users\/3"}],"replies":[{"embeddable":true,"href":"https:\/\/smirna.cl\/wordpress\/wp-json\/wp\/v2\/comments?post=702"}],"version-history":[{"count":1,"href":"https:\/\/smirna.cl\/wordpress\/wp-json\/wp\/v2\/posts\/702\/revisions"}],"predecessor-version":[{"id":2016,"href":"https:\/\/smirna.cl\/wordpress\/wp-json\/wp\/v2\/posts\/702\/revisions\/2016"}],"wp:attachment":[{"href":"https:\/\/smirna.cl\/wordpress\/wp-json\/wp\/v2\/media?parent=702"}],"wp:term":[{"taxonomy":"category","embeddable":true,"href":"https:\/\/smirna.cl\/wordpress\/wp-json\/wp\/v2\/categories?post=702"},{"taxonomy":"post_tag","embeddable":true,"href":"https:\/\/smirna.cl\/wordpress\/wp-json\/wp\/v2\/tags?post=702"}],"curies":[{"name":"wp","href":"https:\/\/api.w.org\/{rel}","templated":true}]}}