{"id":2937,"date":"2021-08-08T22:50:08","date_gmt":"2021-08-09T02:50:08","guid":{"rendered":"http:\/\/smirna.cl\/wordpress\/?p=2937"},"modified":"2025-04-11T16:44:03","modified_gmt":"2025-04-11T20:44:03","slug":"hebreos-8-6-13","status":"publish","type":"post","link":"https:\/\/smirna.cl\/wordpress\/hebreos-8-6-13\/","title":{"rendered":"Hebreos 8:6-13, Jes\u00fas, mediador de un nuevo pacto, parte 2."},"content":{"rendered":"<p><strong><em>Hebreos<\/em><\/strong> <strong><em>8<\/em><\/strong><strong><em> \u00a0\u201cJes\u00fas, mediador de un nuevo pacto\u201d parte 2.<\/em><\/strong><\/p>\n<p><em>\u00a0<\/em><em><sup>1<\/sup><\/em><em>\u00a0\u00a0\u00a0 As\u00ed que, la suma acerca de lo dicho es: Tenemos tal pont\u00edfice que se asent\u00f3 a la diestra del trono de la Majestad en los cielos;<\/em><\/p>\n<p><em><sup>2<\/sup><\/em><em>\u00a0\u00a0 Ministro del santuario, y de aquel verdadero tabern\u00e1culo que el Se\u00f1or asent\u00f3, y no hombre.<\/em><\/p>\n<p><em><sup>3<\/sup><\/em><em>\u00a0\u00a0 Porque todo pont\u00edfice es puesto para ofrecer presentes y sacrificios; por lo cual es necesario que tambi\u00e9n \u00e9ste tuviese algo que ofrecer.<\/em><\/p>\n<p><em><sup>4<\/sup><\/em><em>\u00a0\u00a0 As\u00ed que, si estuviese sobre la tierra, ni aun ser\u00eda sacerdote, habiendo a\u00fan los sacerdotes que ofrecen los presentes seg\u00fan la ley;<\/em><\/p>\n<p><em><sup>5<\/sup><\/em><em>\u00a0\u00a0 Los cuales sirven de bosquejo y sombra de las cosas celestiales, como fue respondido a Mois\u00e9s cuando hab\u00eda de acabar el tabern\u00e1culo: Mira, dice, haz todas las cosas conforme al dechado que te ha sido mostrado en el monte.<\/em><\/p>\n<p><em><sup>6<\/sup><\/em><em>\u00a0\u00a0 Mas ahora tanto mejor ministerio es el suyo, cuanto es mediador de un mejor pacto, el cual ha sido formado sobre mejores promesas.<\/em><\/p>\n<p><em><sup>7<\/sup><\/em><em>\u00a0\u00a0\u00a0 Porque si aquel primero fuera sin falta, cierto no se hubiera procurado lugar de segundo.<\/em><\/p>\n<p><em><sup>8<\/sup><\/em><em>\u00a0\u00a0 Porque reprendi\u00e9ndolos dice: He aqu\u00ed vienen d\u00edas, dice el Se\u00f1or, y consumar\u00e9 para con la casa de Israel y para con la casa de Jud\u00e1 un nuevo pacto;<\/em><\/p>\n<p><em><sup>9<\/sup><\/em><em>\u00a0\u00a0 No como el pacto que hice con sus padres el d\u00eda que los tom\u00e9 por la mano para sacarlos de la tierra de Egipto: porque ellos no permanecieron en mi pacto, y yo los menospreci\u00e9, dice el Se\u00f1or.<\/em><\/p>\n<p><em><sup>10\u00a0\u00a0 <\/sup><\/em><em>Por lo cual, este es el pacto que ordenar\u00e9 a la casa de Israel despu\u00e9s de aquellos d\u00edas, dice el Se\u00f1or: Dar\u00e9 mis leyes en el alma de ellos, y sobre el coraz\u00f3n de ellos las escribir\u00e9; y ser\u00e9 a ellos por Dios, y ellos me ser\u00e1n a m\u00ed por pueblo:<\/em><\/p>\n<p><em><sup>11<\/sup><\/em><em>\u00a0 Y ninguno ense\u00f1ar\u00e1 a su pr\u00f3jimo, ni ninguno a su hermano, diciendo: Conoce al Se\u00f1or: porque todos me conocer\u00e1n, desde el menor de ellos hasta el mayor.<\/em><\/p>\n<p><em><sup>12<\/sup><\/em><em>\u00a0 Porque ser\u00e9 propicio a sus injusticias, y de sus pecados y de sus iniquidades no me acordar\u00e9 m\u00e1s.<\/em><\/p>\n<p><em><sup>13<\/sup><\/em><em>\u00a0 Diciendo, Nuevo pacto, dio por viejo al primero; y lo que es dado por viejo y se envejece, cerca est\u00e1 de desvanecerse.<\/em><\/p>\n<p>Hoy continuaremos en <strong><em>Hebreos 8<\/em><\/strong>.<\/p>\n<p>Dios estableci\u00f3 en la Ley las condiciones que, como Soberano, exig\u00eda para que sus criaturas mantuvieran una relaci\u00f3n de comuni\u00f3n perfecta con \u00c9l. Regul\u00f3 las relaciones del hombre con su Creador (los primeros 4 mandamientos) y las relaciones entre sus criaturas (los 6 restantes) as\u00ed, en tan s\u00f3lo 10 Mandamientos determin\u00f3 sus reglas para el ser humano.<\/p>\n<p>Las condiciones del Pacto de las Obras eran:<\/p>\n<p><em>\u201c<\/em><em>Por tanto mis estatutos y mis derechos guardar\u00e9is, los cuales haciendo el hombre, vivir\u00e1 en ellos: Yo Jehov\u00e1<\/em><em>.\u201d<\/em><em>\u00a0<strong>Lev<\/strong><\/em><strong><em>\u00edtico<\/em><\/strong><strong><em> 18:5<\/em><\/strong>.<\/p>\n<p>Pablo recordando estas cl\u00e1usulas del Pacto de Obras escribe a la iglesia en Roma:\u00a0<em>\u201c<\/em><em>Porque Mois\u00e9s describe la justicia que es por la ley: Que el hombre que hiciere estas cosas vivir\u00e1 por ellas.<\/em><em>\u201d<\/em><em>\u00a0<strong>Rom<\/strong><\/em><strong><em>anos<\/em><\/strong><strong><em> 10:5<\/em><\/strong>.<\/p>\n<p>Me llama la atenci\u00f3n que el hombre siempre ha ansiado hacer cosas para estar en buenas relaciones con Dios, pero no est\u00e1 dispuesto a hacer lo que Dios ha establecido como las reglas, la raz\u00f3n la encontramos en <strong><em>Rom<\/em><\/strong><strong><em>anos<\/em><\/strong><strong><em> 8:7<\/em><\/strong><strong><em>\u20138<\/em><\/strong><em> \u201c<\/em><em>Por cuanto la intenci\u00f3n de la carne es enemistad contra Dios; porque no se sujeta a la ley de Dios, ni tampoco puede.\u00a0As\u00ed que, los que est\u00e1n en la carne no pueden agradar a Dios<\/em><em>\u201d<\/em>.<\/p>\n<p>No hay forma que el hombre arregle su situaci\u00f3n con Dios por su propio esfuerzo. Por eso Pablo reconociendo esto y ante la inquietud: \u00bfpara qu\u00e9 est\u00e1 la ley?, nos explica la condici\u00f3n del ser humano:<\/p>\n<p><em>\u201c<\/em><em>Porque ignorando la justicia de Dios, y procurando establecer la suya propia, no se han sujetado <\/em><em>a<\/em><em> la justicia de Dios.\u00a0<strong>Porque el fin de la ley es Cristo<\/strong>, para justicia <\/em><em>a<\/em><em> todo aquel que cree.<\/em><em>\u201d<\/em><em>\u00a0<strong>Rom<\/strong><\/em><strong><em>anos<\/em><\/strong><strong><em> 10:3<\/em><\/strong><strong><em>\u20134<\/em><\/strong>.<\/p>\n<p>La incapacidad del hombre radica en que Dios exige un cumplimiento perfecto de la Ley, esto es, no s\u00f3lo lo que se expresa visiblemente ante los dem\u00e1s sino que Dios exige que el cumplimiento sea desde el coraz\u00f3n, esto se evidencia en la conversaci\u00f3n que tuvo Jes\u00fas con un joven que se acerca a \u00e9l, el relato lo encontramos en <strong><em>Marcos<\/em><\/strong><strong><em> 10:<\/em><\/strong><strong><em>17\u201322<\/em><\/strong><em>\u00a0<\/em><\/p>\n<p><em>\u00a0<\/em><em>\u201c<\/em><em>Maestro bueno, \u00bfqu\u00e9 har\u00e9 para poseer la vida eterna?\u00a0<\/em><\/p>\n<p><em>Y Jes\u00fas le dijo:<\/em> <em>\u2026Los mandamientos sabes: no adulteres<\/em><em>,<\/em><em> no mates<\/em><em>,<\/em><em> no hurtes<\/em><em>,<\/em><em> no digas falso testimonio<\/em><em>,<\/em><em> no defraudes<\/em><em>,<\/em><em> honra a tu padre y a tu madre.\u00a0<\/em><\/p>\n<p><em>El entonces respondiendo, le dijo: Maestro, todo esto he guardado desde mi mocedad.<\/em><em>\u201d<\/em><em>\u00a0<\/em><\/p>\n<p>Esta es la t\u00edpica reacci\u00f3n del hombre, cree que ha satisfecho la exigencia de Dios porque en el fondo ha tratado de vivir una vida correcta ante los ojos de los dem\u00e1s, tal como este joven, en apariencia, parec\u00eda un ejemplo digno de imitar, por la reacci\u00f3n que provoc\u00f3 en Jes\u00fas, podemos concluir que su esfuerzo por tratar de cumplir los mandamientos hab\u00eda sido sincero. Sin embargo, creyendo que estaba en la senda correcta su realidad era totalmente opuesta.<\/p>\n<p><em>e<\/em><em>Entonces Jes\u00fas mir\u00e1ndole, am\u00f3le, y d\u00edjole: Una cosa te falta: ve, vende todo lo que tienes, y da a los pobres, y tendr\u00e1s tesoro en el cielo; y ven, s\u00edgueme, tomando tu cruz.\u00a0Mas \u00e9l, entristecido por esta palabra, se fue triste, porque ten\u00eda muchas posesiones<\/em><em>.\u201d<\/em> Mostr\u00f3 as\u00ed que estaba cumpliendo aparentemente todos los mandamientos, pero con su acci\u00f3n demostr\u00f3 que no comprend\u00eda ni el primer mandamiento de amar a Dios por sobre todas las cosas ni el segundo de amar a su pr\u00f3jimo como a si mismo, claramente su cumplimento era parcial e insuficiente.<\/p>\n<p>El propio Jes\u00fas, en el Serm\u00f3n del Monte puso de manifiesto el nivel de cumplimiento que Dios exige de la Ley, para lo cual toma algunos de los mandamientos y pone el acento en el esp\u00edritu de la ley por sobre la letra de esta:<\/p>\n<p><em>\u201c<\/em><em>O\u00edsteis que fue dicho a los antiguos: No matar\u00e1s; mas cualquiera que matare, ser\u00e1 culpado del juicio.\u00a0Mas yo os digo, que cualquiera que se enojare locamente con su hermano, ser\u00e1 culpado del juicio<\/em><em>\u2026\u201d<\/em><strong><em> Mat<\/em><\/strong><strong><em>eo<\/em><\/strong><strong><em> 5:<\/em><\/strong><strong><em>21\u2013<\/em><\/strong><strong><em>22<\/em><\/strong><em>\u00a0<\/em><\/p>\n<p><em>\u00a0<\/em><em>\u201c<\/em><em>O\u00edsteis que fue dicho: No adulterar\u00e1s:\u00a0Mas yo os digo, que cualquiera que mira a una mujer para codiciarl<\/em><em>a<\/em><em>, ya adulter\u00f3 con ella en su coraz\u00f3n<\/em><em>\u201d<\/em><em>.\u00a0<strong>Mat<\/strong><\/em><strong><em>eo<\/em><\/strong><strong><em> 5:27<\/em><\/strong><strong><em>\u201328<\/em><\/strong><em>\u00a0<\/em><\/p>\n<p>El antiguo pacto exig\u00eda un cumplimiento \u00edntegro de la Ley, en letra y esp\u00edritu, <em>\u201c<\/em><em>Porque cualquiera que hubiere guardado toda la ley, y ofendiere en un punto, es hecho culpado de todos.<\/em><em>\u201d<\/em><em>\u00a0<\/em><strong><em>Santiago<\/em><\/strong><strong><em> 2:10<\/em><\/strong>, las reglas del juego no las pone el hombre, las pone Dios.<\/p>\n<p>Claramente el pacto de las obras no ten\u00eda por finalidad la salvaci\u00f3n del hombre, su finalidad era mostrarnos nuestra incapacidad de vivir conforme a la voluntad de Dios y proveer el marco de conducta que nos dejar\u00eda como ejemplo de vida nuestro bendito Salvador Jes\u00fas.<\/p>\n<p><strong><em>\u201c<\/em><\/strong><strong><em>Mas ahora tanto mejor ministerio es el suyo, cuanto es mediador de un mejor pacto, el cual ha sido formado sobre mejores promesas.<\/em><\/strong><strong><em>\u201d<\/em><\/strong><\/p>\n<p>Cuando el ap\u00f3stol afirma que Jesucristo es el mediador de un mejor pacto, claramente est\u00e1 afirmando que ha llegado el momento en que Dios ha dado por caducado el Pacto vigente para establecer un nuevo pacto con el hombre, Pablo se est\u00e1 refiriendo al Pacto de la Gracia, aquel por el cual no tenemos que cumplir la Ley. Cristo la cumpli\u00f3 por nosotros, y bajo este nuevo Pacto, Dios aplica la justicia de Cristo en nosotros. Estamos libres del cumplimiento de la Ley para salvaci\u00f3n.<\/p>\n<p><em>\u201c<\/em><em>Porque hay un Dios, asimismo un mediador entre Dios y los hombres, Jesucristo hombre;\u00a0<\/em><em>e<\/em><em>l cual se di<\/em><em>o<\/em> <em>a<\/em><em> s\u00ed mismo en precio del rescate por todos<\/em><em>\u2026\u201d <strong>1\u00aa Timoteo 2:5\u20136<\/strong><\/em>.<\/p>\n<p>Hoy, los Diez Mandamientos, o Ley Moral, no nos obligan para salvaci\u00f3n. Ley Moral ha sido instalada por Dios en nuestros corazones para que vivamos como ciudadanos de la Patria Celestial, ya no obra salvaci\u00f3n, la salvaci\u00f3n la hemos recibi\u00f3 por gracia, no por obras, como ser\u00eda si tuvi\u00e9ramos que cumplir la ley.<\/p>\n<p><em>\u201c<\/em><em>Vac\u00edos sois de Cristo los que por la ley os justific\u00e1is; de la gracia hab\u00e9is ca\u00eddo<\/em><em>\u201d<\/em><em>.\u00a0<strong>G\u00e1l<\/strong><\/em><strong><em>atas<\/em><\/strong><strong><em> 5:4<\/em><\/strong><em>\u00a0<\/em><\/p>\n<p>El ap\u00f3stol, en nuestro texto concluye refiri\u00e9ndose al pacto de las obras y el de la gracia:<\/p>\n<p><em>\u201c<\/em><em>Porque si aquel primero fuera sin falta, cierto no se hubiera procurado lugar de segundo<\/em><em>.\u201d<\/em><em>\u00a0<strong>Heb<\/strong><\/em><strong><em>reos<\/em><\/strong><strong><em> 8:7<\/em><\/strong>.<\/p>\n<p>En este segundo pacto, el de la gracia, la presencia de Cristo Jes\u00fas, desempe\u00f1ando personalmente la funci\u00f3n de mediador directo y exclusivo, a diferencia del antiguo pacto en que los mediadores eran los sacerdotes lev\u00edticos, tan pecadores como el resto del pueblo, lo sit\u00faa por sobre el Pacto de Obras, lo que resulta en una tremenda bendici\u00f3n para nosotros. Hoy bajo estas nuevas condiciones establecidas por Dios, podemos disfrutar de una relaci\u00f3n personal con \u00c9l pues, <em>\u201c<\/em><em>justificados pues por la fe, tenemos paz para con Dios por medio de nuestro Se\u00f1or Jesucristo<\/em><em>\u201d <strong>Romanos 5:1<\/strong><\/em>.<\/p>\n<p>La potencia de este nuevo pacto es tal, que no s\u00f3lo nosotros somos reconciliados con Dios por medio de \u00e9l, sino que por este pacto de la gracia es que incluso los que vivieron antes de Jes\u00fas ser\u00e1n salvados. Ellos creyeron las promesas mir\u00e1ndolas de lejos, nosotros disfrutamos el cumplimiento de esas promesas mir\u00e1ndolas hacia atr\u00e1s.<\/p>\n<p>El nuevo Pacto de la Gracia tiene tres caracter\u00edsticas hermosas que resultan de gran bendici\u00f3n para el pueblo de Dios<\/p>\n<p><strong><em>\u201c<\/em><\/strong><strong><em>Por lo cual, este es el pacto que ordenar\u00e9 a la casa de Israel despu\u00e9s de aquellos d\u00edas, dice el Se\u00f1or: Dar\u00e9 mis leyes en el alma de ellos, y sobre el coraz\u00f3n de ellos las escribir\u00e9; y ser\u00e9 a ellos por Dios, y ellos me ser\u00e1n a m\u00ed por pueblo:<\/em><\/strong> <strong><em>y<\/em><\/strong><strong><em> ninguno ense\u00f1ar\u00e1 a su pr\u00f3jimo, ni ninguno a su hermano, diciendo: Conoce al Se\u00f1or: porque todos me conocer\u00e1n, desde el menor de ellos hasta el mayor.<\/em><\/strong><\/p>\n<p><strong><em>Porque ser\u00e9 propicio a sus injusticias, y de sus pecados y de sus iniquidades no me acordar\u00e9 m\u00e1s.<\/em><\/strong><strong><em>\u201d<\/em><\/strong><\/p>\n<p>Hay tres caracter\u00edsticas que debemos destacar en este nuevo pacto, que son una bendici\u00f3n que, muchas veces o no valoramos debidamente o no estamos conscientes de su valor e influencia en nuestra vida:<\/p>\n<ul>\n<li>La renovaci\u00f3n de nuestro coraz\u00f3n: <em>\u201cdar\u00e9 <\/em><em>mis leyes en el alma de ellos, y sobre el coraz\u00f3n de ellos las escribir\u00e9<\/em><em>.\u201d<\/em><\/li>\n<li>La remisi\u00f3n o perd\u00f3n gratuito de nuestros pecados <em>\u201cde <\/em><em>sus pecados y de sus iniquidades no me acordar\u00e9 m\u00e1s.<\/em><em>\u201d<\/em><\/li>\n<li>Derivada de la renovaci\u00f3n de nuestro coraz\u00f3n, gozamos de la iluminaci\u00f3n de nuestra mente para avanzar en la direcci\u00f3n correcta en el conocimiento de Dios <em>\u201cporque <\/em><em>todos me conocer\u00e1n, desde el menor de ellos hasta el mayor<\/em><em>.\u201d<\/em><\/li>\n<\/ul>\n<p>El hombre natural es insensible a la Palabra de Dios, no la puede comprender, porque su coraz\u00f3n est\u00e1 petrificado, el profeta Ezequiel, anunciando la obra de Dios bajo un nuevo pacto, el de la gracia escribe: <em>\u201c<\/em><em>Y os dar\u00e9 coraz\u00f3n nuevo, y pondr\u00e9 esp\u00edritu nuevo dentro de vosotros; y quitar\u00e9 de vuestra carne el coraz\u00f3n de piedra, y os dar\u00e9 coraz\u00f3n de carne.<\/em><em>\u201d<\/em><em>\u00a0<strong>Eze<\/strong><\/em><strong><em>quiel<\/em><\/strong><strong><em> 36:26<\/em><\/strong>\u00a0es indispensable la obra del Esp\u00edritu Santo regenerando nuestro coraz\u00f3n, d\u00e1ndole vida, transform\u00e1ndolo de un coraz\u00f3n de piedra en un coraz\u00f3n de carne, sensible a la obra y palabra de Dios, para poder comprender el sacrificio de Cristo en nuestro favor.<\/p>\n<p>S\u00f3lo comprenderemos lo que Dios nos tiene y estaremos dispuestos a obedecerlo despu\u00e9s que el Esp\u00edritu Santo nos cambie y corrija en nosotros la depravaci\u00f3n natural de nuestro coraz\u00f3n. Mientras eso no ocurra, nuestro coraz\u00f3n estar\u00e1 plagado de afectos corrompidos y totalmente entregado al mal.<\/p>\n<p>Por lo anterior, vemos la tremenda bendici\u00f3n que disfrutamos los que hemos sido cambiados por el Esp\u00edritu Santo, ahora, bajo este nuevo pacto establecido por Dios, ha sido despertada nuestra conciencia, la ley moral es grabada por \u00c9l en nuestros corazones para vivir seg\u00fan ella, no para salvaci\u00f3n, sino como testimonio de que hemos sido transformados a una nueva criatura.\u00a0<em>\u201c<\/em><em>De modo que si alguno est\u00e1 en Cristo, nueva criatura es: las cosas viejas pasaron; he aqu\u00ed todas son hechas nuevas.<\/em><em>\u201d<\/em><em>\u00a0<strong>2<\/strong><\/em><strong><em>\u00aa <\/em><\/strong><strong><em>Co<\/em><\/strong><strong><em>rintios<\/em><\/strong><strong><em> 5:17<\/em><\/strong><\/p>\n<p>Otro elemento tan grandioso y maravilloso como el anterior es el perd\u00f3n gratuito de nuestros pecados, el Se\u00f1or nos promete, que aunque nuestra vida est\u00e9 llena de pecado, y eso en estricto rigor implica que la ira de Dios est\u00e1 sobre nosotros y ha tenido que ocultar su rostro de nosotros, el Se\u00f1or nos promete el perd\u00f3n, sin que nosotros tengamos nada que hacer, obra en nuestros corazones para superar la depravaci\u00f3n natural que ha producido en nosotros el pecado. Luego de recibir el perd\u00f3n de nuestros pecados, por gracia y s\u00f3lo por gracia, comienza en nuestra vida el camino de la santidad. Se inicia un proceso que va transformando nuestra depravaci\u00f3n total a una santidad perfecta, proceso que concluir\u00e1 gloriosamente cuando lleguemos a la presencia del Se\u00f1or.<\/p>\n<p><em>\u00a0<\/em><em>\u201c<\/em><em>Estando confiado de esto, que <strong>el que comenz\u00f3 en vosotros la buena obra<\/strong>, <strong>la perfeccionar\u00e1<\/strong> hasta el d\u00eda de Jesucristo<\/em><em>.\u201d<\/em> <strong><em>Filipenses<\/em><\/strong><strong><em> 1:6<\/em><\/strong><em>\u00a0<\/em><\/p>\n<p><em>\u201c<\/em><em>El cual tambi\u00e9n os confirmar\u00e1 hasta el fin, para que <strong>se\u00e1is sin falta en el d\u00eda de nuestro Se\u00f1or Jesucristo<\/strong><\/em><em>.\u201d<\/em><em>\u00a0<strong>1<\/strong><\/em><strong><em>\u00aa <\/em><\/strong><strong><em>Co<\/em><\/strong><strong><em>rintios<\/em><\/strong><strong><em> 1:8<\/em><\/strong><em>\u00a0<\/em><\/p>\n<p>Es un privilegio de todos los creyentes estar acogidos a este nuevo pacto en Cristo, pues si bien no dejamos de pecar y ofender con nuestra conducta a Dios, tenemos el perd\u00f3n asegurado por la promesa de Dios, esta acci\u00f3n que obra Dios en nuestro favor es lo que le da estabilidad a este nuevo pacto. Dios nos ha asegurado el perd\u00f3n, no por nuestros m\u00e9ritos sino por los de nuestro bendito Sumo Sacerdote que se ofreci\u00f3 en sacrificio perfecto por nosotros. Es un perd\u00f3n permanente. Dios instaura en nosotros una nueva naturaleza espiritual que nos lleva a ejercitar la comuni\u00f3n con nuestro Hacedor. Hoy el pecado motiva nuestro dolor porque hemos ofendido con \u00e9l a quien lo ha dado todo por nosotros.<\/p>\n<p><em>\u00bfPues qu\u00e9 diremos? Perseveraremos en pecado para que la gracia crezca?\u00a0En ninguna manera. Porque los que somos muertos al pecado, \u00bfc\u00f3mo viviremos a\u00fan en \u00e9l?<strong> Rom<\/strong><\/em><strong><em>anos<\/em><\/strong><strong><em> 6:1<\/em><\/strong><strong><em>\u20132<\/em><\/strong><\/p>\n<p>Esta es la posici\u00f3n del creyente expresando gratitud por haber sido escogidos por Dios para hacernos sus hijos.<\/p>\n<p>Una gran bendici\u00f3n que recibimos bajo este nuevo pacto de la gracia es que Dios nos dice: <strong><em>ellos me ser\u00e1n a m\u00ed por pueblo<\/em><\/strong>. Este es el resultado del Nuevo Pacto. Dios nos escoge para ser su pueblo y nos asegura que ser\u00e1 el guardi\u00e1n de nuestra salvaci\u00f3n, Dios mismo se compromete con nosotros al decir: <strong><em>\u201c<\/em><\/strong><strong><em>ser\u00e9 a ellos por Dios, y ellos me ser\u00e1n a m\u00ed por pueblo<\/em><\/strong><strong><em>.\u201d<\/em><\/strong><\/p>\n<p>Cuando decimos que somos el pueblo de Dios, no es una arrogancia vac\u00eda, simplemente estamos afirmando lo que Dios en Su Palabra nos ha prometido.<\/p>\n<p>Hoy la iglesia es el pueblo de Dios:<\/p>\n<p><em>\u201c<\/em><em>A lo suyo vino, y los suyos no le recibieron.\u00a0<\/em><\/p>\n<p><em>Mas <strong>a todos los que le recibieron<\/strong>, di\u00f3les potestad de <strong>ser hechos hijos de Dios<\/strong>, a los que creen en su nombre:\u00a0los cuales no son engendrados de sangre, ni de voluntad de carne, ni de voluntad de var\u00f3n, mas de Dios.<\/em><em>\u201d<\/em><em>\u00a0<strong>Jua<\/strong><\/em><strong><em>n<\/em><\/strong><strong><em> 1:11<\/em><\/strong><strong><em>\u201313<\/em><\/strong>.<\/p>\n<p>Si Dios no ilumina nuestro coraz\u00f3n por medio de la obra del Esp\u00edritu Santo, resulta imposible llegar al conocimiento de \u00c9l.<\/p>\n<p>Todo lo que tenemos en nuestra vida es la expresi\u00f3n de la gracia de Dios.<\/p>\n<p>Nuestra salvaci\u00f3n es por gracia.<\/p>\n<p>La fe que nos lleva a buscar a Dios es otra expresi\u00f3n de la gracia de Dios obrando en nuestros corazones.<\/p>\n<p>El perd\u00f3n de nuestros pecados es por la gracia de Dios obrando en nuestro favor.<\/p>\n<p>Ser hijos de Dios es expresi\u00f3n de la gracia de Dios.<\/p>\n<p>Si conocemos algo de Dios, es porque \u00c9l se nos ha revelado por su gracia.<\/p>\n<p>\u00bfNo es toda esta maravillosa realidad motivo suficiente para que nuestro coraz\u00f3n se llene de alabanzas reconociendo todo lo que Dios ha obrado en nuestro favor?<\/p>\n<p>Debemos vivir para la gloria de Dios por todo lo que \u00c9l ha hecho en nuestro favor.<\/p>\n","protected":false},"excerpt":{"rendered":"<p>Hebreos 8 \u00a0\u201cJes\u00fas, mediador de un nuevo pacto\u201d parte 2. \u00a01\u00a0\u00a0\u00a0 As\u00ed que, la suma acerca de lo dicho es: Tenemos tal pont\u00edfice que se asent\u00f3 a la diestra del trono de la Majestad en los cielos; 2\u00a0\u00a0 Ministro del santuario, y de aquel verdadero tabern\u00e1culo que el Se\u00f1or asent\u00f3, y no hombre. 3\u00a0\u00a0 Porque [&hellip;]<\/p>\n","protected":false},"author":1,"featured_media":0,"comment_status":"closed","ping_status":"open","sticky":false,"template":"","format":"standard","meta":{"_monsterinsights_skip_tracking":false,"_monsterinsights_sitenote_active":false,"_monsterinsights_sitenote_note":"","_monsterinsights_sitenote_category":0,"__cvm_playback_settings":[],"__cvm_video_id":"","footnotes":""},"categories":[11],"tags":[],"class_list":["post-2937","post","type-post","status-publish","format-standard","hentry","category-mensajes"],"yoast_head":"<!-- This site is optimized with the Yoast SEO plugin v27.5 - https:\/\/yoast.com\/product\/yoast-seo-wordpress\/ -->\n<title>Hebreos 8:6-13, Jes\u00fas, mediador de un nuevo pacto, parte 2. - Iglesia Smirna<\/title>\n<meta name=\"description\" content=\"El presb\u00edtero Alvar Carre\u00f1o nos invita a recorrer la Ep\u00edstola a Los Hebreos, extrayendo profundas ense\u00f1anzas durante el recorrido. Estudios desarrollados durante la pandemia.\" \/>\n<meta name=\"robots\" content=\"index, follow, max-snippet:-1, max-image-preview:large, max-video-preview:-1\" \/>\n<link rel=\"canonical\" href=\"https:\/\/smirna.cl\/wordpress\/hebreos-8-6-13\/\" \/>\n<meta property=\"og:locale\" content=\"es_ES\" \/>\n<meta property=\"og:type\" content=\"article\" \/>\n<meta property=\"og:title\" content=\"Hebreos 8:6-13, Jes\u00fas, mediador de un nuevo pacto, parte 2. - Iglesia Smirna\" \/>\n<meta property=\"og:description\" content=\"El presb\u00edtero Alvar Carre\u00f1o nos invita a recorrer la Ep\u00edstola a Los Hebreos, extrayendo profundas ense\u00f1anzas durante el recorrido. Estudios desarrollados durante la pandemia.\" \/>\n<meta property=\"og:url\" content=\"https:\/\/smirna.cl\/wordpress\/hebreos-8-6-13\/\" \/>\n<meta property=\"og:site_name\" content=\"Iglesia Smirna\" \/>\n<meta property=\"article:publisher\" content=\"http:\/\/www.facebook.com\/iglesiasmirna\/\" \/>\n<meta property=\"article:published_time\" content=\"2021-08-09T02:50:08+00:00\" \/>\n<meta property=\"article:modified_time\" content=\"2025-04-11T20:44:03+00:00\" \/>\n<meta property=\"og:image\" content=\"https:\/\/smirna.cl\/wordpress\/wp-content\/uploads\/2017\/11\/logo-1.jpg\" \/>\n\t<meta property=\"og:image:width\" content=\"65\" \/>\n\t<meta property=\"og:image:height\" content=\"72\" \/>\n\t<meta property=\"og:image:type\" content=\"image\/jpeg\" \/>\n<meta name=\"author\" content=\"Webmaster\" \/>\n<meta name=\"twitter:label1\" content=\"Escrito por\" \/>\n\t<meta name=\"twitter:data1\" content=\"Webmaster\" \/>\n\t<meta name=\"twitter:label2\" content=\"Tiempo de lectura\" \/>\n\t<meta name=\"twitter:data2\" content=\"13 minutos\" \/>\n<script type=\"application\/ld+json\" class=\"yoast-schema-graph\">{\"@context\":\"https:\\\/\\\/schema.org\",\"@graph\":[{\"@type\":\"Article\",\"@id\":\"https:\\\/\\\/smirna.cl\\\/wordpress\\\/hebreos-8-6-13\\\/#article\",\"isPartOf\":{\"@id\":\"https:\\\/\\\/smirna.cl\\\/wordpress\\\/hebreos-8-6-13\\\/\"},\"author\":{\"name\":\"Webmaster\",\"@id\":\"https:\\\/\\\/smirna.cl\\\/wordpress\\\/#\\\/schema\\\/person\\\/0e901c14ef2d450c76b6c9af2c11feab\"},\"headline\":\"Hebreos 8:6-13, Jes\u00fas, mediador de un nuevo pacto, parte 2.\",\"datePublished\":\"2021-08-09T02:50:08+00:00\",\"dateModified\":\"2025-04-11T20:44:03+00:00\",\"mainEntityOfPage\":{\"@id\":\"https:\\\/\\\/smirna.cl\\\/wordpress\\\/hebreos-8-6-13\\\/\"},\"wordCount\":2805,\"publisher\":{\"@id\":\"https:\\\/\\\/smirna.cl\\\/wordpress\\\/#organization\"},\"articleSection\":[\"Mensajes\"],\"inLanguage\":\"es\"},{\"@type\":\"WebPage\",\"@id\":\"https:\\\/\\\/smirna.cl\\\/wordpress\\\/hebreos-8-6-13\\\/\",\"url\":\"https:\\\/\\\/smirna.cl\\\/wordpress\\\/hebreos-8-6-13\\\/\",\"name\":\"Hebreos 8:6-13, Jes\u00fas, mediador de un nuevo pacto, parte 2. - Iglesia Smirna\",\"isPartOf\":{\"@id\":\"https:\\\/\\\/smirna.cl\\\/wordpress\\\/#website\"},\"datePublished\":\"2021-08-09T02:50:08+00:00\",\"dateModified\":\"2025-04-11T20:44:03+00:00\",\"description\":\"El presb\u00edtero Alvar Carre\u00f1o nos invita a recorrer la Ep\u00edstola a Los Hebreos, extrayendo profundas ense\u00f1anzas durante el recorrido. Estudios desarrollados durante la pandemia.\",\"breadcrumb\":{\"@id\":\"https:\\\/\\\/smirna.cl\\\/wordpress\\\/hebreos-8-6-13\\\/#breadcrumb\"},\"inLanguage\":\"es\",\"potentialAction\":[{\"@type\":\"ReadAction\",\"target\":[\"https:\\\/\\\/smirna.cl\\\/wordpress\\\/hebreos-8-6-13\\\/\"]}]},{\"@type\":\"BreadcrumbList\",\"@id\":\"https:\\\/\\\/smirna.cl\\\/wordpress\\\/hebreos-8-6-13\\\/#breadcrumb\",\"itemListElement\":[{\"@type\":\"ListItem\",\"position\":1,\"name\":\"Home\",\"item\":\"https:\\\/\\\/smirna.cl\\\/wordpress\\\/\"},{\"@type\":\"ListItem\",\"position\":2,\"name\":\"Hebreos 8:6-13, Jes\u00fas, mediador de un nuevo pacto, parte 2.\"}]},{\"@type\":\"WebSite\",\"@id\":\"https:\\\/\\\/smirna.cl\\\/wordpress\\\/#website\",\"url\":\"https:\\\/\\\/smirna.cl\\\/wordpress\\\/\",\"name\":\"Iglesia Smirna\",\"description\":\"Iglesia Smirna\",\"publisher\":{\"@id\":\"https:\\\/\\\/smirna.cl\\\/wordpress\\\/#organization\"},\"potentialAction\":[{\"@type\":\"SearchAction\",\"target\":{\"@type\":\"EntryPoint\",\"urlTemplate\":\"https:\\\/\\\/smirna.cl\\\/wordpress\\\/?s={search_term_string}\"},\"query-input\":{\"@type\":\"PropertyValueSpecification\",\"valueRequired\":true,\"valueName\":\"search_term_string\"}}],\"inLanguage\":\"es\"},{\"@type\":\"Organization\",\"@id\":\"https:\\\/\\\/smirna.cl\\\/wordpress\\\/#organization\",\"name\":\"Iglesia Smirna\",\"url\":\"https:\\\/\\\/smirna.cl\\\/wordpress\\\/\",\"logo\":{\"@type\":\"ImageObject\",\"inLanguage\":\"es\",\"@id\":\"https:\\\/\\\/smirna.cl\\\/wordpress\\\/#\\\/schema\\\/logo\\\/image\\\/\",\"url\":\"http:\\\/\\\/smirna.cl\\\/wordpress\\\/wp-content\\\/uploads\\\/2017\\\/11\\\/logo-1.jpg\",\"contentUrl\":\"http:\\\/\\\/smirna.cl\\\/wordpress\\\/wp-content\\\/uploads\\\/2017\\\/11\\\/logo-1.jpg\",\"width\":65,\"height\":72,\"caption\":\"Iglesia Smirna\"},\"image\":{\"@id\":\"https:\\\/\\\/smirna.cl\\\/wordpress\\\/#\\\/schema\\\/logo\\\/image\\\/\"},\"sameAs\":[\"http:\\\/\\\/www.facebook.com\\\/iglesiasmirna\\\/\",\"https:\\\/\\\/www.youtube.com\\\/channel\\\/UCNLg72edfDxAGpMGOHgxXMA\"]},{\"@type\":\"Person\",\"@id\":\"https:\\\/\\\/smirna.cl\\\/wordpress\\\/#\\\/schema\\\/person\\\/0e901c14ef2d450c76b6c9af2c11feab\",\"name\":\"Webmaster\",\"image\":{\"@type\":\"ImageObject\",\"inLanguage\":\"es\",\"@id\":\"https:\\\/\\\/secure.gravatar.com\\\/avatar\\\/17bf4c70b739801d1a9c2708fe4074c5c7cfb6fb81af6bbfb877ce374a8c8514?s=96&d=mm&r=g\",\"url\":\"https:\\\/\\\/secure.gravatar.com\\\/avatar\\\/17bf4c70b739801d1a9c2708fe4074c5c7cfb6fb81af6bbfb877ce374a8c8514?s=96&d=mm&r=g\",\"contentUrl\":\"https:\\\/\\\/secure.gravatar.com\\\/avatar\\\/17bf4c70b739801d1a9c2708fe4074c5c7cfb6fb81af6bbfb877ce374a8c8514?s=96&d=mm&r=g\",\"caption\":\"Webmaster\"},\"url\":\"https:\\\/\\\/smirna.cl\\\/wordpress\\\/author\\\/jrm1hotmail-com\\\/\"}]}<\/script>\n<!-- \/ Yoast SEO plugin. -->","yoast_head_json":{"title":"Hebreos 8:6-13, Jes\u00fas, mediador de un nuevo pacto, parte 2. - Iglesia Smirna","description":"El presb\u00edtero Alvar Carre\u00f1o nos invita a recorrer la Ep\u00edstola a Los Hebreos, extrayendo profundas ense\u00f1anzas durante el recorrido. Estudios desarrollados durante la pandemia.","robots":{"index":"index","follow":"follow","max-snippet":"max-snippet:-1","max-image-preview":"max-image-preview:large","max-video-preview":"max-video-preview:-1"},"canonical":"https:\/\/smirna.cl\/wordpress\/hebreos-8-6-13\/","og_locale":"es_ES","og_type":"article","og_title":"Hebreos 8:6-13, Jes\u00fas, mediador de un nuevo pacto, parte 2. - Iglesia Smirna","og_description":"El presb\u00edtero Alvar Carre\u00f1o nos invita a recorrer la Ep\u00edstola a Los Hebreos, extrayendo profundas ense\u00f1anzas durante el recorrido. Estudios desarrollados durante la pandemia.","og_url":"https:\/\/smirna.cl\/wordpress\/hebreos-8-6-13\/","og_site_name":"Iglesia Smirna","article_publisher":"http:\/\/www.facebook.com\/iglesiasmirna\/","article_published_time":"2021-08-09T02:50:08+00:00","article_modified_time":"2025-04-11T20:44:03+00:00","og_image":[{"width":65,"height":72,"url":"https:\/\/smirna.cl\/wordpress\/wp-content\/uploads\/2017\/11\/logo-1.jpg","type":"image\/jpeg"}],"author":"Webmaster","twitter_misc":{"Escrito por":"Webmaster","Tiempo de lectura":"13 minutos"},"schema":{"@context":"https:\/\/schema.org","@graph":[{"@type":"Article","@id":"https:\/\/smirna.cl\/wordpress\/hebreos-8-6-13\/#article","isPartOf":{"@id":"https:\/\/smirna.cl\/wordpress\/hebreos-8-6-13\/"},"author":{"name":"Webmaster","@id":"https:\/\/smirna.cl\/wordpress\/#\/schema\/person\/0e901c14ef2d450c76b6c9af2c11feab"},"headline":"Hebreos 8:6-13, Jes\u00fas, mediador de un nuevo pacto, parte 2.","datePublished":"2021-08-09T02:50:08+00:00","dateModified":"2025-04-11T20:44:03+00:00","mainEntityOfPage":{"@id":"https:\/\/smirna.cl\/wordpress\/hebreos-8-6-13\/"},"wordCount":2805,"publisher":{"@id":"https:\/\/smirna.cl\/wordpress\/#organization"},"articleSection":["Mensajes"],"inLanguage":"es"},{"@type":"WebPage","@id":"https:\/\/smirna.cl\/wordpress\/hebreos-8-6-13\/","url":"https:\/\/smirna.cl\/wordpress\/hebreos-8-6-13\/","name":"Hebreos 8:6-13, Jes\u00fas, mediador de un nuevo pacto, parte 2. - Iglesia Smirna","isPartOf":{"@id":"https:\/\/smirna.cl\/wordpress\/#website"},"datePublished":"2021-08-09T02:50:08+00:00","dateModified":"2025-04-11T20:44:03+00:00","description":"El presb\u00edtero Alvar Carre\u00f1o nos invita a recorrer la Ep\u00edstola a Los Hebreos, extrayendo profundas ense\u00f1anzas durante el recorrido. Estudios desarrollados durante la pandemia.","breadcrumb":{"@id":"https:\/\/smirna.cl\/wordpress\/hebreos-8-6-13\/#breadcrumb"},"inLanguage":"es","potentialAction":[{"@type":"ReadAction","target":["https:\/\/smirna.cl\/wordpress\/hebreos-8-6-13\/"]}]},{"@type":"BreadcrumbList","@id":"https:\/\/smirna.cl\/wordpress\/hebreos-8-6-13\/#breadcrumb","itemListElement":[{"@type":"ListItem","position":1,"name":"Home","item":"https:\/\/smirna.cl\/wordpress\/"},{"@type":"ListItem","position":2,"name":"Hebreos 8:6-13, Jes\u00fas, mediador de un nuevo pacto, parte 2."}]},{"@type":"WebSite","@id":"https:\/\/smirna.cl\/wordpress\/#website","url":"https:\/\/smirna.cl\/wordpress\/","name":"Iglesia Smirna","description":"Iglesia Smirna","publisher":{"@id":"https:\/\/smirna.cl\/wordpress\/#organization"},"potentialAction":[{"@type":"SearchAction","target":{"@type":"EntryPoint","urlTemplate":"https:\/\/smirna.cl\/wordpress\/?s={search_term_string}"},"query-input":{"@type":"PropertyValueSpecification","valueRequired":true,"valueName":"search_term_string"}}],"inLanguage":"es"},{"@type":"Organization","@id":"https:\/\/smirna.cl\/wordpress\/#organization","name":"Iglesia Smirna","url":"https:\/\/smirna.cl\/wordpress\/","logo":{"@type":"ImageObject","inLanguage":"es","@id":"https:\/\/smirna.cl\/wordpress\/#\/schema\/logo\/image\/","url":"http:\/\/smirna.cl\/wordpress\/wp-content\/uploads\/2017\/11\/logo-1.jpg","contentUrl":"http:\/\/smirna.cl\/wordpress\/wp-content\/uploads\/2017\/11\/logo-1.jpg","width":65,"height":72,"caption":"Iglesia Smirna"},"image":{"@id":"https:\/\/smirna.cl\/wordpress\/#\/schema\/logo\/image\/"},"sameAs":["http:\/\/www.facebook.com\/iglesiasmirna\/","https:\/\/www.youtube.com\/channel\/UCNLg72edfDxAGpMGOHgxXMA"]},{"@type":"Person","@id":"https:\/\/smirna.cl\/wordpress\/#\/schema\/person\/0e901c14ef2d450c76b6c9af2c11feab","name":"Webmaster","image":{"@type":"ImageObject","inLanguage":"es","@id":"https:\/\/secure.gravatar.com\/avatar\/17bf4c70b739801d1a9c2708fe4074c5c7cfb6fb81af6bbfb877ce374a8c8514?s=96&d=mm&r=g","url":"https:\/\/secure.gravatar.com\/avatar\/17bf4c70b739801d1a9c2708fe4074c5c7cfb6fb81af6bbfb877ce374a8c8514?s=96&d=mm&r=g","contentUrl":"https:\/\/secure.gravatar.com\/avatar\/17bf4c70b739801d1a9c2708fe4074c5c7cfb6fb81af6bbfb877ce374a8c8514?s=96&d=mm&r=g","caption":"Webmaster"},"url":"https:\/\/smirna.cl\/wordpress\/author\/jrm1hotmail-com\/"}]}},"_links":{"self":[{"href":"https:\/\/smirna.cl\/wordpress\/wp-json\/wp\/v2\/posts\/2937","targetHints":{"allow":["GET"]}}],"collection":[{"href":"https:\/\/smirna.cl\/wordpress\/wp-json\/wp\/v2\/posts"}],"about":[{"href":"https:\/\/smirna.cl\/wordpress\/wp-json\/wp\/v2\/types\/post"}],"author":[{"embeddable":true,"href":"https:\/\/smirna.cl\/wordpress\/wp-json\/wp\/v2\/users\/1"}],"replies":[{"embeddable":true,"href":"https:\/\/smirna.cl\/wordpress\/wp-json\/wp\/v2\/comments?post=2937"}],"version-history":[{"count":3,"href":"https:\/\/smirna.cl\/wordpress\/wp-json\/wp\/v2\/posts\/2937\/revisions"}],"predecessor-version":[{"id":3462,"href":"https:\/\/smirna.cl\/wordpress\/wp-json\/wp\/v2\/posts\/2937\/revisions\/3462"}],"wp:attachment":[{"href":"https:\/\/smirna.cl\/wordpress\/wp-json\/wp\/v2\/media?parent=2937"}],"wp:term":[{"taxonomy":"category","embeddable":true,"href":"https:\/\/smirna.cl\/wordpress\/wp-json\/wp\/v2\/categories?post=2937"},{"taxonomy":"post_tag","embeddable":true,"href":"https:\/\/smirna.cl\/wordpress\/wp-json\/wp\/v2\/tags?post=2937"}],"curies":[{"name":"wp","href":"https:\/\/api.w.org\/{rel}","templated":true}]}}