{"id":2914,"date":"2021-08-08T22:21:04","date_gmt":"2021-08-09T02:21:04","guid":{"rendered":"http:\/\/smirna.cl\/wordpress\/?p=2914"},"modified":"2025-04-11T17:12:50","modified_gmt":"2025-04-11T21:12:50","slug":"hebreos-4-1-10","status":"publish","type":"post","link":"https:\/\/smirna.cl\/wordpress\/hebreos-4-1-10\/","title":{"rendered":"Hebreos 4:1\u201310, El reposo del pueblo de Dios."},"content":{"rendered":"<p><strong><em>Hebreos<\/em><\/strong> <strong><em>4:1\u201310 <\/em><\/strong><strong>\u2013 <\/strong><strong>\u201cEl reposo del pueblo de Dios\u201d<\/strong><\/p>\n<p><em><sup>1<\/sup><\/em><em>\u00a0\u00a0\u00a0 Temamos, pues, que quedando a\u00fan la promesa de entrar en su reposo, parezca alguno de vosotros haberse apartado.<\/em><\/p>\n<p><em><sup>2<\/sup><\/em><em>\u00a0\u00a0 Porque tambi\u00e9n a nosotros se nos ha evangelizado como a ellos; mas no les aprovech\u00f3 el o\u00edr la palabra a los que la oyeron sin mezclar fe.<\/em><\/p>\n<p><em><sup>3<\/sup><\/em><em>\u00a0\u00a0 Empero entramos en el reposo los que hemos cre\u00eddo, de la manera que dijo: Como jur\u00e9 en mi ira, no entrar\u00e1n en mi reposo: aun acabadas las obras desde el principio del mundo.<\/em><\/p>\n<p><em><sup>4<\/sup><\/em><em>\u00a0\u00a0 Porque en un cierto lugar dijo as\u00ed del s\u00e9ptimo d\u00eda: Y repos\u00f3 Dios de todas sus obras en el s\u00e9ptimo d\u00eda.<\/em><\/p>\n<p><em><sup>5<\/sup><\/em><em>\u00a0\u00a0 Y otra vez aqu\u00ed : No entrar\u00e1n en mi reposo.<\/em><\/p>\n<p><em><sup>6<\/sup><\/em><em>\u00a0\u00a0 As\u00ed que, pues que resta que algunos han de entrar en \u00e9l, y aquellos a quienes primero fu<\/em><em>e<\/em><em> anunciado no entraron por causa de desobediencia,<\/em><\/p>\n<p><em><sup>7<\/sup><\/em><em>\u00a0\u00a0\u00a0 Determina otra vez un cierto d\u00eda, diciendo por David: Hoy, despu\u00e9s de tanto tiempo; como est\u00e1 dicho: Si oyereis su voz hoy, no endurezc\u00e1is vuestros corazones.<\/em><\/p>\n<p><em><sup>8<\/sup><\/em><em>\u00a0\u00a0 Porque si Josu\u00e9 les hubiera dado el reposo, no hablar\u00eda despu\u00e9s de otro d\u00eda.<\/em><\/p>\n<p><em><sup>9<\/sup><\/em><em>\u00a0\u00a0 Por tanto, queda un reposo para el pueblo de Dios.<\/em><\/p>\n<p><em><sup>10<\/sup><\/em><em>\u00a0 Porque el que ha entrado en su reposo, tambi\u00e9n \u00e9l ha reposado de sus obras, como Dios de las suyas.<\/em><\/p>\n<p><em><sup>11<\/sup><\/em><em>\u00a0 Procuremos pues de entrar en aquel reposo; que ninguno caiga en semejante ejemplo de desobediencia.<\/em><\/p>\n<p><em><sup>12<\/sup><\/em><em>\u00a0 Porque la palabra de Dios es viva y eficaz, y m\u00e1s penetrante que toda espada de dos filos: y que alcanza hasta partir el alma, y aun el esp\u00edritu, y las coyunturas y tu\u00e9tanos, y discierne los pensamientos y las intenciones del coraz\u00f3n.<\/em><\/p>\n<p><em><sup>13<\/sup><\/em><em>\u00a0 Y no hay cosa criada que no sea manifiesta en su presencia; antes todas las cosas est\u00e1n desnudas y abiertas a los ojos de aquel a quien tenemos que dar cuenta.<\/em><\/p>\n<p><em><sup>14<\/sup><\/em><em>\u00a0 Por tanto, teniendo un gran Pont\u00edfice, que penetr\u00f3 los cielos, Jes\u00fas el Hijo de Dios, retengamos nuestra profesi\u00f3n.<\/em><\/p>\n<p><em><sup>15<\/sup><\/em><em>\u00a0 Porque no tenemos un Pont\u00edfice que no se pueda compadecer de nuestras flaquezas; mas tentado en todo seg\u00fan nuestra semejanza, pero sin pecado.<\/em><\/p>\n<p><em><sup>16<\/sup><\/em><em>\u00a0 Llegu\u00e9monos pues confiadamente al trono de la gracia, para alcanzar misericordia, y hallar gracia para el oportuno socorro.<\/em><\/p>\n<p>Prosigamos con nuestras meditaciones en la ep\u00edstola a los Hebreos, hoy consideraremos algunos puntos del <strong><em>Cap\u00edtulo 4<\/em><\/strong>, les recuerdo que, adem\u00e1s de detenernos a meditar en el mensaje espec\u00edfico de cada porci\u00f3n en las que estamos centrado nuestra atenci\u00f3n cada vez que nos reunimos, queremos enfatizar a la vez, nuestro deseo que cada uno de nosotros desarrolle un alto concepto de Dios y de su Palabra.<\/p>\n<p>Este cap\u00edtulo es una continuaci\u00f3n natural del tema tratado en el <strong><em>cap\u00edtulo 3<\/em><\/strong>, donde vemos como la desobediencia a los designios de Dios para el pueblo tiene su origen en la incredulidad a la Palabra de Dios. <em>\u201c<\/em><em>Y vemos que no pudieron entrar a causa de incredulidad\u201d\u00a0<strong>Hebreos 3:19<\/strong><\/em><\/p>\n<p>Dios los hab\u00eda llevado con mano poderosa desde Egipto al Sina\u00ed, donde estuvieron un a\u00f1o y recibieron la Ley y el Pacto Mosaico o Antiguo Pacto en el que Dios se compromet\u00eda a cumplir su parte si el pueblo obedec\u00eda la Ley que les estaba entregando (<em>\u201c\u2026<\/em><em>si diereis o\u00eddo <\/em><em>a<\/em><em> mi voz, <strong>y guardareis mi pacto<\/strong>, vosotros ser\u00e9is mi especial tesoro sobre todos los pueblos; porque m\u00eda es toda la tierra.\u00a0Y <strong>vosotros ser\u00e9is mi reino de sacerdotes, y gente santa<\/strong>\u2026\u00a0<\/em><em>Y todo el pueblo respondi\u00f3 a una, y dijeron: Todo lo que Jehov\u00e1 ha dicho haremos. Y Mois\u00e9s refiri\u00f3 las palabras del pueblo a Jehov\u00e1\u201d <strong>\u00c9xodo 19:5\u20138<\/strong><\/em>).<\/p>\n<p>Luego emprendieron el viaje hacia el norte a la ansiada Tierra Prometida. Hab\u00edan hecho un compromiso de obediencia con Jehov\u00e1, que deb\u00edan cumplir, pues esa era la cl\u00e1usula del pacto que a ellos les correspond\u00eda.<\/p>\n<p>Hasta ese momento, casi todo hab\u00eda andado bien, hab\u00edan estado un a\u00f1o detenidos al pie del Monte Sina\u00ed, aunque hab\u00edan mostrado su naturaleza rebelde en algunas oportunidades, podr\u00edamos decir que en t\u00e9rminos generales fue un tiempo de bonanza para el pueblo y no dudaron un minuto en tomar el compromiso de concurrir al pacto que Dios les propon\u00eda.<\/p>\n<p><strong><u>Parte de la forma como Dios trata con su criatura es someterla a pruebas<\/u><\/strong> (recuerden bien esta sentencia), Dios lleva a su criatura a situaciones l\u00edmites para probar que tan genuina es la confianza que tiene en \u00c9l y en Su Palabra y su disposici\u00f3n a obedecer.<\/p>\n<p>La llegada a los l\u00edmites de la Tierra Prometida fue una de esas situaciones l\u00edmites permitidas por Dios para probar al pueblo, recibieron el informe de los esp\u00edas enviados a reconocer la tierra, y como vimos en la meditaci\u00f3n anterior, se rebelaron contra Dios. NO CREYERON <strong><u>A<\/u><\/strong> DIOS, que \u00c9l los introducir\u00eda en esa tierra d\u00e1ndoles la victoria sobre sus habitantes del momento. Fueron incr\u00e9dulos a la Palabra de Dios y ese hecho fue severamente castigado por Dios.<\/p>\n<p>Pablo est\u00e1 rememorando estos acontecimientos hist\u00f3ricos en los <strong><em>Cap\u00edtulos 3 y 4<\/em><\/strong>, usando como referencia el <strong><em>Salmo 95<\/em><\/strong>, y en lo que veremos ahora toma b\u00e1sicamente el <strong><em>vers. 11<\/em><\/strong><em> \u201cPor tanto jur\u00e9 en mi furor que no entrar\u00edan en mi reposo\u201d<\/em>. Sin m\u00e1s vamos a nuestro texto:<\/p>\n<p><strong><em>Vers. 1\u20133<\/em><\/strong><\/p>\n<p><em>\u201c<\/em><em>Temamos, pues, que quedando a\u00fan la promesa de entrar en su reposo, parezca alguno de vosotros haberse apartado.<\/em><\/p>\n<p><em>Porque tambi\u00e9n <\/em><em>a<\/em><em> nosotros se nos ha evangelizado como <\/em><em>a<\/em><em> ellos; mas no les aprovech\u00f3 el o<\/em><em>\u00ed<\/em><em>r la palabra <\/em><em>a<\/em><em> los que la oyeron sin mezclar fe.<\/em><\/p>\n<p><em>Empero entramos en el reposo los que hemos cre\u00eddo, de la manera que dijo: Como jur\u00e9 en mi ira, no entrar\u00e1n en mi reposo: aun acabadas las obras desde el principio del mundo\u201d.<\/em><\/p>\n<p>Hay un paralelo hermoso entre la entrada a la Tierra Prometida que es el final del \u00e9xodo desde Egipto a Cana\u00e1n y el momento en que enfrentamos el fin de nuestra vida y nos aprestamos a entrar a la Patria Celestial, a nuestro reposo, a aquel lugar del que Jes\u00fas dijo<em>: \u201cNo<\/em><em> se turbe vuestro coraz\u00f3n: cre\u00e9is en Dios, creed tambi\u00e9n en m\u00ed.<\/em> <em>En la casa de mi Padre muchas moradas hay: de otra manera os lo hubiera dicho: voy, pues, <\/em><em>a<\/em><em> preparar lugar para vosotros.<\/em><em> Y si me fuere, y os aparejare lugar, vendr\u00e9 otra vez, y os tomar\u00e9 a m\u00ed mismo: para que donde yo estoy, vosotros tambi\u00e9n est\u00e9is\u201d.<\/em>\u00a0<strong><em>Juan 14:1\u20133<\/em><\/strong>. Este reposo superior es el que espera a todo hijo de Dios,\u00a0es el mismo ap\u00f3stol Juan que a\u00f1os m\u00e1s tarde lo describe: <em>\u201c<\/em><em>Y limpiar\u00e1 Dios toda l\u00e1grima de los ojos de ellos; y la muerte no ser\u00e1 m\u00e1s; y no habr\u00e1 m\u00e1s llanto, ni clamor, ni dolor: porque las primeras cosas son pasadas<\/em><em>\u201d<\/em><em>.\u00a0<strong>Apo<\/strong><\/em><strong><em>calipsis<\/em><\/strong><strong><em> 21:4<\/em><\/strong>.<\/p>\n<p>El auditorio al que Pablo se dirige al inicio del <strong><em>cap. 3<\/em><\/strong>\u00a0 es uno y al llegar al <strong><em>cap. 4<\/em><\/strong> se ampl\u00eda, estaba habl\u00e1ndole a los jud\u00edos que llam\u00f3: <em>\u201chermanos santos, participantes de la vocaci\u00f3n celestial\u201d<\/em> y ahora incorpora a los jud\u00edos que se congregaban porque les parec\u00eda atractivo el mensaje del evangelio y sent\u00edan simpat\u00eda por la iglesia de Cristo, pero a\u00fan no hab\u00edan entregado sus vidas a \u00c9l, habiendo escuchado la predicaci\u00f3n del evangelio, no hab\u00edan cre\u00eddo en Jesucristo para salvaci\u00f3n.<\/p>\n<p>Nuevamente no podemos soslayar el hecho cierto de que en toda congregaci\u00f3n existe un porcentaje de personas que participan regularmente, que pueden pasar por cristianos, sin embargo, nunca han acudido a los pies de Cristo con un arrepentimiento genuino depositando su fe en la sangre de Cristo que es el \u00fanico medio para arreglar sus cuentas con Dios.<\/p>\n<p>Pablo llama la atenci\u00f3n para que todos reflexionen en su situaci\u00f3n o relaci\u00f3n con Dios, lo hace de una forma que era muy propia de \u00e9l, se incluye para dejar claro que su dependencia de Dios era igual a la de los miembros de la congregaci\u00f3n a la que se estaba dirigiendo. \u00bfCu\u00e1l es la advertencia?<\/p>\n<p><em>\u201cTemamos, pues\u201d <\/em>\u00bfEstoy seguro de que soy salvo, que soy un hijo de Dios? que buena reflexi\u00f3n para estos d\u00edas de cuarentena y \u201cencierro\u201d hogare\u00f1o, tenemos una promesa vigente esper\u00e1ndonos, la entrada al reposo celestial, desde la perspectiva del tiempo en la eternidad, estamos a las puertas de ese reposo, tal como lo estuvo Israel frente a la Tierra Prometida unos meses despu\u00e9s de partir desde el Sina\u00ed. Ya vimos, en nuestra meditaci\u00f3n anterior, que la perseverancia es una muestra de que somos hijos de Dios, el no creyente no es perseverante en los caminos del Se\u00f1or y de eso da cuenta la facilidad con que se apartan de sus caminos. Han escuchado el evangelio, lo conocen intelectualmente, pero, si s\u00f3lo se quedan ah\u00ed, eso es insuficiente, ha sido en vano porque al o\u00edr no estuvieron dispuestos a aplicar fe en su coraz\u00f3n. Escucharon sin o\u00edr el mensaje, les ocurrir\u00e1 de la misma forma que le pas\u00f3 a las v\u00edrgenes necias y cuando reaccionen los creyentes verdaderos estaremos gozando en la Patria Celestial y ellos enfrentando la Gran Tribulaci\u00f3n, si no han partido antes a la condenaci\u00f3n.<\/p>\n<p>Para los creyentes, no hay lugar a dudas, <em>\u201c<\/em><em>El que cree en el Hijo, tiene vida eterna; mas el que es incr\u00e9dulo al Hijo, no ver\u00e1 la vida, sino que la ira de Dios est\u00e1 sobre \u00e9l<\/em><em>\u201d<\/em><em>.\u00a0<strong>Jua<\/strong><\/em><strong><em>n<\/em><\/strong><strong><em> 3:36<\/em><\/strong>. Los que hemos cre\u00eddo tenemos nuestro lugar asegurado, no porque haber cre\u00eddo sea un m\u00e9rito, si fuera as\u00ed, eso ser\u00eda una obra y la Palabra de Dios se encarga de aclararnos que la salvaci\u00f3n no es por obras:\u00a0<em>\u201c<\/em><strong><em>No por obras de justicia que nosotros hab\u00edamos hecho<\/em><\/strong><em>, mas <strong>por su misericordia nos salv\u00f3<\/strong>, por el lavacro de la regeneraci\u00f3n, y de la renovaci\u00f3n del Esp\u00edritu Santo;<\/em><em> e<\/em><em>l cual derram\u00f3 en nosotros abundantemente por Jesucristo nuestro Salvador,\u00a0<\/em><em>para que, justificados por su gracia, seamos hechos herederos seg\u00fan la esperanza de la vida eterna\u201d.\u00a0<\/em><strong><em>Tit<\/em><\/strong><strong><em>o<\/em><\/strong><strong><em> 3:5<\/em><\/strong><strong><em>\u20137<\/em><\/strong><em>\u00a0 <\/em>y <em>\u201c<\/em><em>Porque por gracia sois salvos por la fe; y esto no de vosotros, pues es don de Dios:\u00a0<\/em><em>no por obras, para que nadie se glor\u00ede.\u00a0<\/em><strong><em>Efe 2:8<\/em><\/strong><strong><em>\u20139<\/em><\/strong>.<\/p>\n<p>Demos una mirada a los <strong><em>vers. 6 y 7<\/em><\/strong>:<\/p>\n<p><em>\u201c<\/em><em>As\u00ed que, pues que resta que algunos han de entrar en \u00e9l, y aquellos a quienes primero fue anunciado no entraron por causa de desobediencia,\u00a0<\/em><em>determina otra vez un cierto d\u00eda, diciendo por David: Hoy, despu\u00e9s de tanto tiempo; como est\u00e1 dicho: Si oyereis su voz hoy, no endurezc\u00e1is vuestros corazones\u201d.<\/em><\/p>\n<p>Pablo aclara en el <strong><em>vers. 6<\/em><\/strong> que aun hay posibilidad de entrar en el reposo que Dios ofrece a su criatura, eso es una gran noticia para los inconversos, y luego contin\u00faa dejando patente una desgracia, que es propia de las consecuencias del pecado, no creas amigo que tu pecado pasar\u00e1 inadvertido para Dios, <strong>NO<\/strong> ni el tuyo ni el m\u00edo pasan inadvertidos.<\/p>\n<p>Dios levant\u00f3 un pueblo para que fuera su especial tesoro como vimos al inicio al enunciar el Pacto Mosaico pero ese pueblo no estuvo a la altura del privilegio que Dios puso ante ellos, tal como Ad\u00e1n y Eva tampoco estuvieron a la altura de los privilegios que Dios les hab\u00eda concedido, en un caso y en otro ambos perdieron su posici\u00f3n por causa de la desobediencia. En el \u00faltimo caso Ad\u00e1n y Eva recibieron la maldici\u00f3n de Dios, la expulsi\u00f3n del Huerto pero a la vez acarrearon sobre toda la humanidad el pecado, sus hijos fueron engendrado con el germen del pecado en sus corazones y nacieron a imagen y semejanza de sus progenitores, por causa de la desobediencia perdieron la gloria que Dios les hab\u00eda dado. En el primer caso, el pueblo de Israel perdi\u00f3 moment\u00e1neamente el privilegio de ser el pueblo de Dios, y Dios lo reemplaz\u00f3 temporalmente por la Iglesia.<\/p>\n<p>Juan testifica en su evangelio as\u00ed:<\/p>\n<p><em>\u201c<\/em><em>A lo suyo vino, y los suyos no le recibieron.\u00a0Mas <\/em><em>a<\/em><em> todos los que le recibieron, di\u00f3les potestad de ser hechos hijos de Dios, <\/em><em>a<\/em><em> los que creen en su nombre:\u00a0<\/em><em>Los cuales no son engendrados de sangre, ni de voluntad de carne, ni de voluntad de var\u00f3n, mas de Dios\u201d.\u00a0<\/em><strong><em>Jua<\/em><\/strong><strong><em>n<\/em><\/strong><strong><em> 1:11<\/em><\/strong><strong><em>\u201313<\/em><\/strong><\/p>\n<p>Pero el amor de Dios por su criatura es tan inmensurable que a pesar de merecer la condenaci\u00f3n por su desobediencia, a\u00fan hoy est\u00e1 llamando al coraz\u00f3n de ella con la invitaci\u00f3n: <em>\u201cSi oyereis su voz hoy, no endurezc\u00e1is vuestros corazones\u201d.<\/em> Hoy es el d\u00eda que Dios te da para arreglar tus cuentas con \u00c9l.<\/p>\n<p>Por hoy llegaremos hasta el <strong><em>vers. 10<\/em><\/strong><\/p>\n<p><em>\u201cPorque el que ha entrado en su reposo, tambi\u00e9n \u00e9l ha reposado de sus obras, como Dios de las suyas\u201d.<\/em><\/p>\n<p>A causa de esta pandemia que afecta a todo el mundo, muchos creyentes han partido a la Patria Celestial, por eso deseo detenerme brevemente en este texto.<\/p>\n<p>Calvino escribe de \u00e9l: \u201c<em>He aqu\u00ed una definici\u00f3n de aquel perenne Sabbat (d\u00eda de reposo) donde existe la suprema felicidad, cuando exista semejanza entre los hombres y Dios, a quien ellos ser\u00e1n unidos\u201d.<\/em><\/p>\n<p>Este texto debe ser un b\u00e1lsamo que alivie el dolor y la tristeza natural por un ser querido que ha partido a la Patria Celestial, para el mundo la muerte es un verdadero salto al vac\u00edo, que lamentablemente no termina en el vac\u00edo sino que en el infierno, en la condenaci\u00f3n eterna y no podemos suavizar esa realidad para que no se sientan mal, pero esa es la realidad efectiva, sin embargo para el creyente es el momento cuando la obra de redenci\u00f3n divina se perfecciona y sublima, leemos en <strong><em>Romanos 8:28\u201330<\/em><\/strong>:<\/p>\n<p><em>\u00a0<\/em><em>\u201c<\/em><em>Y sabemos que <\/em><em>a<\/em><em> los que <\/em><em>a<\/em><em> Dios aman, todas las cosas les ayudan <\/em><em>a<\/em><em> bien, es <\/em><em>a <\/em><em>saber, <\/em><em>a<\/em><em> los que conforme al prop\u00f3sito son llamados.\u00a0<\/em><\/p>\n<p><em>Porque <\/em><strong><em>a<\/em><\/strong><strong><em> los que antes conoci\u00f3<\/em><\/strong><em>, tambi\u00e9n <strong>predestin\u00f3<\/strong> para que fuesen <strong>hechos conformes <\/strong><\/em><strong><em>a<\/em><\/strong><strong><em> la imagen de su Hijo<\/em><\/strong><em>, para que \u00e9l sea el primog\u00e9nito entre muchos hermanos;\u00a0<\/em><em>y <strong>a los que predestin\u00f3<\/strong>, a \u00e9stos <strong>tambi\u00e9n llam\u00f3<\/strong>; y a los que llam\u00f3, a \u00e9stos <strong>tambi\u00e9n justific\u00f3<\/strong>; y a los que justific\u00f3, a \u00e9stos <strong>tambi\u00e9n glorific\u00f3<\/strong>\u201d<\/em>.<\/p>\n<p>Nuestros hermanos, han sido llamados a la presencia del Se\u00f1or conforme al prop\u00f3sito divino, no han partido porque tuvieron la desdicha de adquirir el coronavirus u otra enfermedad que los llev\u00f3 a la muerte. Ellos ya descansan en el reposo celestial.<\/p>\n<p>La obra de Dios es una obra completa que es parte de un proceso que \u00c9l desarrolla en la vida de aquellos que en un acto de Soberan\u00eda escogi\u00f3 antes de la fundaci\u00f3n del mundo <em>\u201cpara que fu\u00e9semos santos y sin mancha delante de \u00c9l en amor\u201d <\/em>(<strong><em>Efesios 1:4<\/em><\/strong>).<\/p>\n<p>En <strong><em>Romanos <\/em><\/strong>vemos que a los que antes conoci\u00f3 o escogi\u00f3, eligi\u00f3, los predestin\u00f3 con un objetivo claro: para ser hechos conformes a la semejanza de su Hijo, esto es un regreso a la condici\u00f3n que ten\u00eda el hombre antes de la ca\u00edda, \u00a1qu\u00e9 privilegio espera a cada creyente!, recuerden que antes de la ca\u00edda la comuni\u00f3n del hombre con Dios era una comuni\u00f3n perfecta, Dios y el hombre disfrutaban de un compa\u00f1erismo maravilloso y por la gracia de Dios, fuimos escogidos y nuestra naturaleza ha sido transformada por la obra sobrenatural del Esp\u00edritu Santo, quien nos ha regenerado para tener vida, si volver a la vida que nos permite alabar y glorificar a nuestro Padre Celestial para siempre.<\/p>\n<p>Dios se da el tiempo de tratar con cada uno de sus escogidos, seg\u00fan es la realidad de cada uno de ellos y lo hace ocup\u00e1ndose personalmente de cada uno de nosotros. Al escogernos nos predestin\u00f3 y al predestinarnos lleg\u00f3 el d\u00eda que nos llam\u00f3 a sus caminos, o\u00edmos y prestamos atenci\u00f3n al evangelio de Jesucristo y el Esp\u00edritu Santo lo hizo vida en nuestros corazones y a diferencia de aquellos a los que se refiere Pablo en este Cap. en el vers. 2, aplicamos la fe en esas Buenas Nuevas de Salvaci\u00f3n, y fuimos declarados justos, no que lo seamos, Dios legalmente nos declar\u00f3 justos por la justicia que su Hijo cumpli\u00f3 en la cruz y pronto llegar\u00e1 el d\u00eda que nuestros cuerpos ser\u00e1n glorificados, Pablo en este texto pone en pasado todas estas acciones de Dios en nuestro favor, porque todas ellas ya son un hecho ante los ojos de Dios.<\/p>\n<p>El n\u00famero de escogidos es igual al n\u00famero de los predestinados e igual al n\u00famero de los llamados y justificados y coincidir\u00e1 perfectamente con el n\u00famero de los glorificados que estaremos por toda la Eternidad alabando y glorificando a Nuestro Bendito Padre Celestial, a nuestro precioso Salvador y reconociendo la inmensa obra que hizo el Esp\u00edritu Santo al transformar nuestra vida a la semejanza de la gloria de Cristo Jes\u00fas.<\/p>\n<p>Esta enumeraci\u00f3n es maravillosa porque implica que ning\u00fan escogido por Dios se perder\u00e1 en el infierno, en el camino de la vida no habr\u00e1 v\u00edctimas que caigan derrotadas y terminar\u00e1n en el infierno, eso jam\u00e1s ocurrir\u00e1 para un hijo de Dios. El 100% de los escogidos antes de la fundaci\u00f3n del mundo, sin faltar uno s\u00f3lo estaremos por la eternidad disfrutando de la perfecta comuni\u00f3n con nuestro Se\u00f1or.<\/p>\n<p>Termino esta meditaci\u00f3n con el vers\u00edculo de <strong><em>Apocalipsis 14:13<\/em><\/strong><em> \u201cBienaventurados los muertos que de aqu\u00ed adelante mueren en el Se\u00f1or. S\u00ed, dice el Esp\u00edritu, que descansar\u00e1n de sus trabajos; porque sus obras con ellos siguen\u201d.<\/em><\/p>\n<p>Gloria al Se\u00f1or por sus santos que han sido llamados a su presencia.<\/p>\n<p>Am\u00e9n.<\/p>\n","protected":false},"excerpt":{"rendered":"<p>Hebreos 4:1\u201310 \u2013 \u201cEl reposo del pueblo de Dios\u201d 1\u00a0\u00a0\u00a0 Temamos, pues, que quedando a\u00fan la promesa de entrar en su reposo, parezca alguno de vosotros haberse apartado. 2\u00a0\u00a0 Porque tambi\u00e9n a nosotros se nos ha evangelizado como a ellos; mas no les aprovech\u00f3 el o\u00edr la palabra a los que la oyeron sin mezclar [&hellip;]<\/p>\n","protected":false},"author":1,"featured_media":0,"comment_status":"closed","ping_status":"open","sticky":false,"template":"","format":"standard","meta":{"_monsterinsights_skip_tracking":false,"_monsterinsights_sitenote_active":false,"_monsterinsights_sitenote_note":"","_monsterinsights_sitenote_category":0,"__cvm_playback_settings":[],"__cvm_video_id":"","footnotes":""},"categories":[11],"tags":[],"class_list":["post-2914","post","type-post","status-publish","format-standard","hentry","category-mensajes"],"yoast_head":"<!-- This site is optimized with the Yoast SEO plugin v27.5 - https:\/\/yoast.com\/product\/yoast-seo-wordpress\/ -->\n<title>Hebreos 4:1\u201310, El reposo del pueblo de Dios. - Iglesia Smirna<\/title>\n<meta name=\"description\" content=\"El presb\u00edtero Alvar Carre\u00f1o nos invita a recorrer la Ep\u00edstola a Los Hebreos, extrayendo profundas ense\u00f1anzas durante el recorrido. Estudios desarrollados durante la pandemia.\" \/>\n<meta name=\"robots\" content=\"index, follow, max-snippet:-1, max-image-preview:large, max-video-preview:-1\" \/>\n<link rel=\"canonical\" href=\"https:\/\/smirna.cl\/wordpress\/hebreos-4-1-10\/\" \/>\n<meta property=\"og:locale\" content=\"es_ES\" \/>\n<meta property=\"og:type\" content=\"article\" \/>\n<meta property=\"og:title\" content=\"Hebreos 4:1\u201310, El reposo del pueblo de Dios. - Iglesia Smirna\" \/>\n<meta property=\"og:description\" content=\"El presb\u00edtero Alvar Carre\u00f1o nos invita a recorrer la Ep\u00edstola a Los Hebreos, extrayendo profundas ense\u00f1anzas durante el recorrido. Estudios desarrollados durante la pandemia.\" \/>\n<meta property=\"og:url\" content=\"https:\/\/smirna.cl\/wordpress\/hebreos-4-1-10\/\" \/>\n<meta property=\"og:site_name\" content=\"Iglesia Smirna\" \/>\n<meta property=\"article:publisher\" content=\"http:\/\/www.facebook.com\/iglesiasmirna\/\" \/>\n<meta property=\"article:published_time\" content=\"2021-08-09T02:21:04+00:00\" \/>\n<meta property=\"article:modified_time\" content=\"2025-04-11T21:12:50+00:00\" \/>\n<meta property=\"og:image\" content=\"https:\/\/smirna.cl\/wordpress\/wp-content\/uploads\/2017\/11\/logo-1.jpg\" \/>\n\t<meta property=\"og:image:width\" content=\"65\" \/>\n\t<meta property=\"og:image:height\" content=\"72\" \/>\n\t<meta property=\"og:image:type\" content=\"image\/jpeg\" \/>\n<meta name=\"author\" content=\"Webmaster\" \/>\n<meta name=\"twitter:label1\" content=\"Escrito por\" \/>\n\t<meta name=\"twitter:data1\" content=\"Webmaster\" \/>\n\t<meta name=\"twitter:label2\" content=\"Tiempo de lectura\" \/>\n\t<meta name=\"twitter:data2\" content=\"14 minutos\" \/>\n<script type=\"application\/ld+json\" class=\"yoast-schema-graph\">{\"@context\":\"https:\\\/\\\/schema.org\",\"@graph\":[{\"@type\":\"Article\",\"@id\":\"https:\\\/\\\/smirna.cl\\\/wordpress\\\/hebreos-4-1-10\\\/#article\",\"isPartOf\":{\"@id\":\"https:\\\/\\\/smirna.cl\\\/wordpress\\\/hebreos-4-1-10\\\/\"},\"author\":{\"name\":\"Webmaster\",\"@id\":\"https:\\\/\\\/smirna.cl\\\/wordpress\\\/#\\\/schema\\\/person\\\/0e901c14ef2d450c76b6c9af2c11feab\"},\"headline\":\"Hebreos 4:1\u201310, El reposo del pueblo de Dios.\",\"datePublished\":\"2021-08-09T02:21:04+00:00\",\"dateModified\":\"2025-04-11T21:12:50+00:00\",\"mainEntityOfPage\":{\"@id\":\"https:\\\/\\\/smirna.cl\\\/wordpress\\\/hebreos-4-1-10\\\/\"},\"wordCount\":3045,\"publisher\":{\"@id\":\"https:\\\/\\\/smirna.cl\\\/wordpress\\\/#organization\"},\"articleSection\":[\"Mensajes\"],\"inLanguage\":\"es\"},{\"@type\":\"WebPage\",\"@id\":\"https:\\\/\\\/smirna.cl\\\/wordpress\\\/hebreos-4-1-10\\\/\",\"url\":\"https:\\\/\\\/smirna.cl\\\/wordpress\\\/hebreos-4-1-10\\\/\",\"name\":\"Hebreos 4:1\u201310, El reposo del pueblo de Dios. - Iglesia Smirna\",\"isPartOf\":{\"@id\":\"https:\\\/\\\/smirna.cl\\\/wordpress\\\/#website\"},\"datePublished\":\"2021-08-09T02:21:04+00:00\",\"dateModified\":\"2025-04-11T21:12:50+00:00\",\"description\":\"El presb\u00edtero Alvar Carre\u00f1o nos invita a recorrer la Ep\u00edstola a Los Hebreos, extrayendo profundas ense\u00f1anzas durante el recorrido. Estudios desarrollados durante la pandemia.\",\"breadcrumb\":{\"@id\":\"https:\\\/\\\/smirna.cl\\\/wordpress\\\/hebreos-4-1-10\\\/#breadcrumb\"},\"inLanguage\":\"es\",\"potentialAction\":[{\"@type\":\"ReadAction\",\"target\":[\"https:\\\/\\\/smirna.cl\\\/wordpress\\\/hebreos-4-1-10\\\/\"]}]},{\"@type\":\"BreadcrumbList\",\"@id\":\"https:\\\/\\\/smirna.cl\\\/wordpress\\\/hebreos-4-1-10\\\/#breadcrumb\",\"itemListElement\":[{\"@type\":\"ListItem\",\"position\":1,\"name\":\"Home\",\"item\":\"https:\\\/\\\/smirna.cl\\\/wordpress\\\/\"},{\"@type\":\"ListItem\",\"position\":2,\"name\":\"Hebreos 4:1\u201310, El reposo del pueblo de Dios.\"}]},{\"@type\":\"WebSite\",\"@id\":\"https:\\\/\\\/smirna.cl\\\/wordpress\\\/#website\",\"url\":\"https:\\\/\\\/smirna.cl\\\/wordpress\\\/\",\"name\":\"Iglesia Smirna\",\"description\":\"Iglesia Smirna\",\"publisher\":{\"@id\":\"https:\\\/\\\/smirna.cl\\\/wordpress\\\/#organization\"},\"potentialAction\":[{\"@type\":\"SearchAction\",\"target\":{\"@type\":\"EntryPoint\",\"urlTemplate\":\"https:\\\/\\\/smirna.cl\\\/wordpress\\\/?s={search_term_string}\"},\"query-input\":{\"@type\":\"PropertyValueSpecification\",\"valueRequired\":true,\"valueName\":\"search_term_string\"}}],\"inLanguage\":\"es\"},{\"@type\":\"Organization\",\"@id\":\"https:\\\/\\\/smirna.cl\\\/wordpress\\\/#organization\",\"name\":\"Iglesia Smirna\",\"url\":\"https:\\\/\\\/smirna.cl\\\/wordpress\\\/\",\"logo\":{\"@type\":\"ImageObject\",\"inLanguage\":\"es\",\"@id\":\"https:\\\/\\\/smirna.cl\\\/wordpress\\\/#\\\/schema\\\/logo\\\/image\\\/\",\"url\":\"http:\\\/\\\/smirna.cl\\\/wordpress\\\/wp-content\\\/uploads\\\/2017\\\/11\\\/logo-1.jpg\",\"contentUrl\":\"http:\\\/\\\/smirna.cl\\\/wordpress\\\/wp-content\\\/uploads\\\/2017\\\/11\\\/logo-1.jpg\",\"width\":65,\"height\":72,\"caption\":\"Iglesia Smirna\"},\"image\":{\"@id\":\"https:\\\/\\\/smirna.cl\\\/wordpress\\\/#\\\/schema\\\/logo\\\/image\\\/\"},\"sameAs\":[\"http:\\\/\\\/www.facebook.com\\\/iglesiasmirna\\\/\",\"https:\\\/\\\/www.youtube.com\\\/channel\\\/UCNLg72edfDxAGpMGOHgxXMA\"]},{\"@type\":\"Person\",\"@id\":\"https:\\\/\\\/smirna.cl\\\/wordpress\\\/#\\\/schema\\\/person\\\/0e901c14ef2d450c76b6c9af2c11feab\",\"name\":\"Webmaster\",\"image\":{\"@type\":\"ImageObject\",\"inLanguage\":\"es\",\"@id\":\"https:\\\/\\\/secure.gravatar.com\\\/avatar\\\/17bf4c70b739801d1a9c2708fe4074c5c7cfb6fb81af6bbfb877ce374a8c8514?s=96&d=mm&r=g\",\"url\":\"https:\\\/\\\/secure.gravatar.com\\\/avatar\\\/17bf4c70b739801d1a9c2708fe4074c5c7cfb6fb81af6bbfb877ce374a8c8514?s=96&d=mm&r=g\",\"contentUrl\":\"https:\\\/\\\/secure.gravatar.com\\\/avatar\\\/17bf4c70b739801d1a9c2708fe4074c5c7cfb6fb81af6bbfb877ce374a8c8514?s=96&d=mm&r=g\",\"caption\":\"Webmaster\"},\"url\":\"https:\\\/\\\/smirna.cl\\\/wordpress\\\/author\\\/jrm1hotmail-com\\\/\"}]}<\/script>\n<!-- \/ Yoast SEO plugin. -->","yoast_head_json":{"title":"Hebreos 4:1\u201310, El reposo del pueblo de Dios. - Iglesia Smirna","description":"El presb\u00edtero Alvar Carre\u00f1o nos invita a recorrer la Ep\u00edstola a Los Hebreos, extrayendo profundas ense\u00f1anzas durante el recorrido. Estudios desarrollados durante la pandemia.","robots":{"index":"index","follow":"follow","max-snippet":"max-snippet:-1","max-image-preview":"max-image-preview:large","max-video-preview":"max-video-preview:-1"},"canonical":"https:\/\/smirna.cl\/wordpress\/hebreos-4-1-10\/","og_locale":"es_ES","og_type":"article","og_title":"Hebreos 4:1\u201310, El reposo del pueblo de Dios. - Iglesia Smirna","og_description":"El presb\u00edtero Alvar Carre\u00f1o nos invita a recorrer la Ep\u00edstola a Los Hebreos, extrayendo profundas ense\u00f1anzas durante el recorrido. Estudios desarrollados durante la pandemia.","og_url":"https:\/\/smirna.cl\/wordpress\/hebreos-4-1-10\/","og_site_name":"Iglesia Smirna","article_publisher":"http:\/\/www.facebook.com\/iglesiasmirna\/","article_published_time":"2021-08-09T02:21:04+00:00","article_modified_time":"2025-04-11T21:12:50+00:00","og_image":[{"width":65,"height":72,"url":"https:\/\/smirna.cl\/wordpress\/wp-content\/uploads\/2017\/11\/logo-1.jpg","type":"image\/jpeg"}],"author":"Webmaster","twitter_misc":{"Escrito por":"Webmaster","Tiempo de lectura":"14 minutos"},"schema":{"@context":"https:\/\/schema.org","@graph":[{"@type":"Article","@id":"https:\/\/smirna.cl\/wordpress\/hebreos-4-1-10\/#article","isPartOf":{"@id":"https:\/\/smirna.cl\/wordpress\/hebreos-4-1-10\/"},"author":{"name":"Webmaster","@id":"https:\/\/smirna.cl\/wordpress\/#\/schema\/person\/0e901c14ef2d450c76b6c9af2c11feab"},"headline":"Hebreos 4:1\u201310, El reposo del pueblo de Dios.","datePublished":"2021-08-09T02:21:04+00:00","dateModified":"2025-04-11T21:12:50+00:00","mainEntityOfPage":{"@id":"https:\/\/smirna.cl\/wordpress\/hebreos-4-1-10\/"},"wordCount":3045,"publisher":{"@id":"https:\/\/smirna.cl\/wordpress\/#organization"},"articleSection":["Mensajes"],"inLanguage":"es"},{"@type":"WebPage","@id":"https:\/\/smirna.cl\/wordpress\/hebreos-4-1-10\/","url":"https:\/\/smirna.cl\/wordpress\/hebreos-4-1-10\/","name":"Hebreos 4:1\u201310, El reposo del pueblo de Dios. - Iglesia Smirna","isPartOf":{"@id":"https:\/\/smirna.cl\/wordpress\/#website"},"datePublished":"2021-08-09T02:21:04+00:00","dateModified":"2025-04-11T21:12:50+00:00","description":"El presb\u00edtero Alvar Carre\u00f1o nos invita a recorrer la Ep\u00edstola a Los Hebreos, extrayendo profundas ense\u00f1anzas durante el recorrido. Estudios desarrollados durante la pandemia.","breadcrumb":{"@id":"https:\/\/smirna.cl\/wordpress\/hebreos-4-1-10\/#breadcrumb"},"inLanguage":"es","potentialAction":[{"@type":"ReadAction","target":["https:\/\/smirna.cl\/wordpress\/hebreos-4-1-10\/"]}]},{"@type":"BreadcrumbList","@id":"https:\/\/smirna.cl\/wordpress\/hebreos-4-1-10\/#breadcrumb","itemListElement":[{"@type":"ListItem","position":1,"name":"Home","item":"https:\/\/smirna.cl\/wordpress\/"},{"@type":"ListItem","position":2,"name":"Hebreos 4:1\u201310, El reposo del pueblo de Dios."}]},{"@type":"WebSite","@id":"https:\/\/smirna.cl\/wordpress\/#website","url":"https:\/\/smirna.cl\/wordpress\/","name":"Iglesia Smirna","description":"Iglesia Smirna","publisher":{"@id":"https:\/\/smirna.cl\/wordpress\/#organization"},"potentialAction":[{"@type":"SearchAction","target":{"@type":"EntryPoint","urlTemplate":"https:\/\/smirna.cl\/wordpress\/?s={search_term_string}"},"query-input":{"@type":"PropertyValueSpecification","valueRequired":true,"valueName":"search_term_string"}}],"inLanguage":"es"},{"@type":"Organization","@id":"https:\/\/smirna.cl\/wordpress\/#organization","name":"Iglesia Smirna","url":"https:\/\/smirna.cl\/wordpress\/","logo":{"@type":"ImageObject","inLanguage":"es","@id":"https:\/\/smirna.cl\/wordpress\/#\/schema\/logo\/image\/","url":"http:\/\/smirna.cl\/wordpress\/wp-content\/uploads\/2017\/11\/logo-1.jpg","contentUrl":"http:\/\/smirna.cl\/wordpress\/wp-content\/uploads\/2017\/11\/logo-1.jpg","width":65,"height":72,"caption":"Iglesia Smirna"},"image":{"@id":"https:\/\/smirna.cl\/wordpress\/#\/schema\/logo\/image\/"},"sameAs":["http:\/\/www.facebook.com\/iglesiasmirna\/","https:\/\/www.youtube.com\/channel\/UCNLg72edfDxAGpMGOHgxXMA"]},{"@type":"Person","@id":"https:\/\/smirna.cl\/wordpress\/#\/schema\/person\/0e901c14ef2d450c76b6c9af2c11feab","name":"Webmaster","image":{"@type":"ImageObject","inLanguage":"es","@id":"https:\/\/secure.gravatar.com\/avatar\/17bf4c70b739801d1a9c2708fe4074c5c7cfb6fb81af6bbfb877ce374a8c8514?s=96&d=mm&r=g","url":"https:\/\/secure.gravatar.com\/avatar\/17bf4c70b739801d1a9c2708fe4074c5c7cfb6fb81af6bbfb877ce374a8c8514?s=96&d=mm&r=g","contentUrl":"https:\/\/secure.gravatar.com\/avatar\/17bf4c70b739801d1a9c2708fe4074c5c7cfb6fb81af6bbfb877ce374a8c8514?s=96&d=mm&r=g","caption":"Webmaster"},"url":"https:\/\/smirna.cl\/wordpress\/author\/jrm1hotmail-com\/"}]}},"_links":{"self":[{"href":"https:\/\/smirna.cl\/wordpress\/wp-json\/wp\/v2\/posts\/2914","targetHints":{"allow":["GET"]}}],"collection":[{"href":"https:\/\/smirna.cl\/wordpress\/wp-json\/wp\/v2\/posts"}],"about":[{"href":"https:\/\/smirna.cl\/wordpress\/wp-json\/wp\/v2\/types\/post"}],"author":[{"embeddable":true,"href":"https:\/\/smirna.cl\/wordpress\/wp-json\/wp\/v2\/users\/1"}],"replies":[{"embeddable":true,"href":"https:\/\/smirna.cl\/wordpress\/wp-json\/wp\/v2\/comments?post=2914"}],"version-history":[{"count":3,"href":"https:\/\/smirna.cl\/wordpress\/wp-json\/wp\/v2\/posts\/2914\/revisions"}],"predecessor-version":[{"id":3486,"href":"https:\/\/smirna.cl\/wordpress\/wp-json\/wp\/v2\/posts\/2914\/revisions\/3486"}],"wp:attachment":[{"href":"https:\/\/smirna.cl\/wordpress\/wp-json\/wp\/v2\/media?parent=2914"}],"wp:term":[{"taxonomy":"category","embeddable":true,"href":"https:\/\/smirna.cl\/wordpress\/wp-json\/wp\/v2\/categories?post=2914"},{"taxonomy":"post_tag","embeddable":true,"href":"https:\/\/smirna.cl\/wordpress\/wp-json\/wp\/v2\/tags?post=2914"}],"curies":[{"name":"wp","href":"https:\/\/api.w.org\/{rel}","templated":true}]}}