{"id":2912,"date":"2021-08-08T22:18:51","date_gmt":"2021-08-09T02:18:51","guid":{"rendered":"http:\/\/smirna.cl\/wordpress\/?p=2912"},"modified":"2025-04-11T17:16:08","modified_gmt":"2025-04-11T21:16:08","slug":"hebreos-3","status":"publish","type":"post","link":"https:\/\/smirna.cl\/wordpress\/hebreos-3\/","title":{"rendered":"Hebreos 3, El pueblo de Dios halla reposo en \u00c9l."},"content":{"rendered":"<p><strong><em>Hebreos<\/em><\/strong> <strong><em>3 \u2013 <\/em><\/strong><strong>\u201cEl pueblo de Dios halla reposo en \u00c9l\u201d<\/strong><\/p>\n<p><em><sup>1<\/sup><\/em><em>\u00a0\u00a0\u00a0 Por tanto, hermanos santos, participantes de la vocaci\u00f3n celestial, considerad al Ap\u00f3stol y Pont\u00edfice de nuestra profesi\u00f3n, Cristo Jes\u00fas;<\/em><\/p>\n<p><em><sup>2<\/sup><\/em><em>\u00a0\u00a0 El cual es fiel al que le constituy\u00f3, como tambi\u00e9n lo fu<\/em><em>e<\/em><em> Mois\u00e9s sobre toda su casa.<\/em><\/p>\n<p><em><sup>3<\/sup><\/em><em>\u00a0\u00a0 Porque de tanto mayor gloria que Mois\u00e9s \u00e9ste es estimado digno, cuanto tiene mayor dignidad que la casa el que la fabric\u00f3.<\/em><\/p>\n<p><em><sup>4<\/sup><\/em><em>\u00a0\u00a0 Porque toda casa es edificada de alguno: mas el que cri<\/em><em>o<\/em><em> todas las cosas es Dios.<\/em><\/p>\n<p><em><sup>5<\/sup><\/em><em>\u00a0\u00a0 Y Mois\u00e9s <\/em><em>a<\/em><em> la verdad fu<\/em><em>e<\/em><em> fiel sobre toda su casa, como siervo, para testificar lo que se hab\u00eda de decir;<\/em><\/p>\n<p><em><sup>6<\/sup><\/em><em>\u00a0\u00a0 Mas Cristo como hijo, sobre su casa; la cual casa somos nosotros, si hasta el cabo retuvi\u00e9remos firme la confianza y la gloria de la esperanza.<\/em><\/p>\n<p><em><sup>7<\/sup><\/em><em>\u00a0\u00a0\u00a0 Por lo cual, como dice el Esp\u00edritu Santo: Si oyereis hoy su voz,<\/em><\/p>\n<p><em><sup>8<\/sup><\/em><em>\u00a0\u00a0 No endurezc\u00e1is vuestros corazones como en la provocaci\u00f3n, en el d\u00eda de la tentaci\u00f3n en el desierto,<\/em><\/p>\n<p><em><sup>9<\/sup><\/em><em>\u00a0\u00a0 Donde me tentaron vuestros padres; me probaron, y vieron mis obras cuarenta a\u00f1os.<\/em><\/p>\n<p><em><sup>10<\/sup><\/em><em>\u00a0 A causa de lo cual me enemist\u00e9 con esta generaci\u00f3n, y dije: Siempre divagan ellos de coraz\u00f3n, y no han conocido mis caminos.<\/em><\/p>\n<p><em><sup>11<\/sup><\/em><em>\u00a0 Jur\u00e9, pues, en mi ira: No entrar\u00e1n en mi reposo.<\/em><\/p>\n<p><em><sup>12<\/sup><\/em><em>\u00a0 Mirad, hermanos, que en ninguno de vosotros haya coraz\u00f3n malo de incredulidad para apartarse del Dios vivo:<\/em><\/p>\n<p><em><sup>13<\/sup><\/em><em>\u00a0 Antes exhortaos los unos <\/em><em>a<\/em><em> los otros cada d\u00eda, entre tanto que se dice Hoy; porque ninguno de vosotros se endurezca con enga\u00f1o de pecado:<\/em><\/p>\n<p><em><sup>14<\/sup><\/em><em>\u00a0 Porque participantes de Cristo somos hechos, con tal que conservemos firme hasta el fin el principio de nuestra confianza;<\/em><\/p>\n<p><em><sup>15<\/sup><\/em><em>\u00a0 Entre tanto que se dice: Si oyereis hoy su voz, no endurezc\u00e1is vuestros corazones, como en la provocaci\u00f3n.<\/em><\/p>\n<p><em><sup>16\u00a0\u00a0\u00a0 <\/sup><\/em><em>Porque algunos de los que hab\u00edan salido de Egipto con Mois\u00e9s, habiendo o\u00eddo, provocaron, aunque no todos.<\/em><\/p>\n<p><em><sup>17<\/sup><\/em><em>\u00a0 Mas \u00bfcon cu\u00e1les estuvo enojado cuarenta a\u00f1os? \u00bfNo fu<\/em><em>e<\/em><em> con los que pecaron, cuyos cuerpos cayeron en el desierto?<\/em><\/p>\n<p><em><sup>18<\/sup><\/em><em>\u00a0 \u00bfY <\/em><em>a<\/em><em> qui\u00e9nes jur\u00f3 que no entrar\u00edan en su reposo, sino <\/em><em>a<\/em><em> aquellos que no obedecieron?<\/em><\/p>\n<p><em><sup>19<\/sup><\/em><em>\u00a0 Y vemos que no pudieron entrar <\/em><em>a<\/em><em> causa de incredulidad.<\/em><\/p>\n<p>Continuamos con nuestras meditaciones centradas en la ep\u00edstola a los Hebreos. Hoy nos detendremos en el cap\u00edtulo 3, el tema que aborda el escritor b\u00edblico en este cap\u00edtulo de la ep\u00edstola es: Jes\u00fas, mayor que Mois\u00e9s y hace un fuerte llamado a las consecuencias de la desobediencia a Dios.<\/p>\n<p>A\u00fan estamos en la parte de la ep\u00edstola a los Hebreos donde Pablo est\u00e1 presentando la superioridad de Jesucristo en cuanto a su posici\u00f3n.<\/p>\n<p>Perm\u00edtanme un brev\u00edsimo repaso de lo que vimos en el cap\u00edtulo 2, en primer lugar nos encontramos con una invitaci\u00f3n a tomar la salvaci\u00f3n que Dios nos ofrece, llam\u00e1ndonos a hacerlo con diligencia y, luego Pablo nos presenta a un salvador maravilloso, \u00fanico, creador de todo cuanto hay y sujeto a la voluntad de su Padre, dispuesto a llegar hasta la muerte para destruir con su muerte al que ten\u00eda el imperio de la muerte para librarnos de la servidumbre del pecado.<\/p>\n<p>De los tres grupos de jud\u00edos que ten\u00eda en mente el ap\u00f3stol al escribir esta carta, hoy nos encontramos con palabras dedicadas especialmente a jud\u00edos creyentes, se dirige a ellos como <em>\u201chermanos santos, participantes de la vocaci\u00f3n celestial\u201d<\/em>, Calvino dice en su Comentario a Hebreos que \u201ceran creyentes consagrados a Cristo, apartados para ser santos, a quienes Pablo exhorta a considerar atentamente quien es Cristo y cuan grande es su persona\u201d. Eran <em>\u201cparticipantes de la vocaci\u00f3n celestial\u201d<\/em>, esto es que hab\u00edan cre\u00eddo en Cristo para salvaci\u00f3n, como lo somos todos los que, gracias a la obra del Esp\u00edritu Santo en nuestros corazones, hemos recibido a Jes\u00fas como nuestro Salvador. Si \u00e9stas palabras fueron dirigidas a creyentes, su consejo tambi\u00e9n debe ser considerado por nosotros hoy. Luego, preparemos nuestros corazones a atesorar en \u00e9l lo que meditaremos en esta oportunidad.<\/p>\n<ol>\n<li>\n<h2><strong>Jes\u00fas superior a Mois\u00e9s<\/strong><\/h2>\n<\/li>\n<\/ol>\n<p>Debo precisar que en los tiempos de la carta a los Hebreos, para los jud\u00edos, Mois\u00e9s era uno de los patriarcas m\u00e1s venerados por el pueblo, llegar a decir que hab\u00eda alguien superior a \u00e9l, remov\u00eda hasta lo m\u00e1s profundo la conciencia de cualquier jud\u00edo, por eso el ap\u00f3stol resalta la grandeza de Jes\u00fas por sobre Mois\u00e9s, quien mientras fue fiel en su papel de siervo, Cristo fue fiel pero a diferencia de Mois\u00e9s es el due\u00f1o de todo y eso ya lo pone por sobre Mois\u00e9s.<\/p>\n<p>Refir\u00e1monos brevemente a los vers\u00edculos 2 al 6, que es la presentaci\u00f3n de la superioridad de Cristo sobre Mois\u00e9s.<\/p>\n<p><em><sup>2<\/sup><\/em><em>\u00a0\u00a0 El cual es fiel al que le constituy\u00f3, como tambi\u00e9n lo fue Mois\u00e9s sobre toda su casa.<\/em><\/p>\n<p><em><sup>3<\/sup><\/em><em>\u00a0\u00a0 Porque de tanto mayor gloria que Mois\u00e9s \u00e9ste es estimado digno, cuanto tiene mayor dignidad que la casa el que la fabric\u00f3.<\/em><\/p>\n<p><em><sup>4<\/sup><\/em><em>\u00a0\u00a0 Porque toda casa es edificada de alguno: mas el que crio todas las cosas es Dios.<\/em><\/p>\n<p><em><sup>5<\/sup><\/em><em>\u00a0\u00a0 Y Mois\u00e9s a la verdad fue fiel sobre toda su casa, como siervo, para testificar lo que se hab\u00eda de decir;<\/em><\/p>\n<p><em><sup>6<\/sup><\/em><em>\u00a0\u00a0 Mas Cristo como hijo, sobre su casa; la cual casa somos nosotros, si hasta el cabo retuvi\u00e9remos firme la confianza y la gloria de la esperanza.<\/em><\/p>\n<p>Cuando Pablo se refiere a una casa, se est\u00e1 refiriendo a una familia, a un pueblo, Jes\u00fas en su condici\u00f3n de Ap\u00f3stol, fue enviado por Dios y \u00e9l fue fiel a su Padre Celestial en cumplir toda su voluntad, tal como Mois\u00e9s fue fiel a Dios para guiar al pueblo de Israel a trav\u00e9s del \u00c9xodo desde Egipto a la Tierra Prometida (<strong><em>N\u00fam. 12:7<\/em><\/strong><em>\u00a0\u201c\u2026mi siervo Mois\u00e9s, que es fiel en toda mi casa\u201d<\/em>), pero mientras Mois\u00e9s lo hacia en su condici\u00f3n de siervo (<em>vers. 5<\/em>), Jes\u00fas lo hizo en su condici\u00f3n de Hijo de Dios, \u00e9l fue el arquitecto y constructor de la casa que Moises administr\u00f3 para Dios (<em>vers. 6<\/em>). Mois\u00e9s guio al pueblo de Israel pero a la vez, \u00e9l mismo estaba siendo guiado por Dios, Jes\u00fas gu\u00eda a la Iglesia y lo hace porque \u00c9l es la cabeza de ella, \u00c9l es quien la dirige por derecho propio, no necesita de otro que le indique qu\u00e9 hacer y lo oriente marcando el rumbo que debe seguir, como s\u00ed lo requiri\u00f3 Mois\u00e9s.<\/p>\n<p>Dediquemos unas palabras en este punto al <strong><em>vers. 6<\/em><\/strong> <em>\u201cMas Cristo como hijo, sobre su casa; la cual casa somos nosotros, si hasta el cabo retuvi\u00e9remos firme la confianza y la gloria de la esperanza\u201d.<\/em><\/p>\n<p>Estas palabras encierran un muy solemne llamado de atenci\u00f3n, Pablo est\u00e1 afirmando que la perseverancia en los caminos del Se\u00f1or es una prueba de que somos hijos de Dios, no es que la salvaci\u00f3n se pierda si no perseveramos, por ning\u00fan motivo y bajo ninguna circunstancia un convertido perder\u00e1 su salvaci\u00f3n (<em>\u201c\u2026<\/em><em>desde que cre\u00edsteis, fuisteis sellados con el Esp\u00edritu Santo de la promesa,\u00a0<\/em><em>que es las arras de nuestra herencia, para la redenci\u00f3n de la posesi\u00f3n adquirida para alabanza de su gloria\u201d.\u00a0<\/em><strong><em>Efe<\/em><\/strong><strong><em>sios<\/em><\/strong><strong><em> 1:13<\/em><\/strong><strong><em>,14<\/em><\/strong>). El punto es que, si alguien no persevera, eso es una muestra de que esa persona nunca entreg\u00f3 su vida al Se\u00f1or (<em>\u201c<\/em><em>Salieron de nosotros, mas no eran de nosotros; porque si fueran de nosotros, hubieran cierto permanecido con nosotros; pero salieron para que se manifestase que todos no son de nosotros<\/em><em>\u201d<\/em><em>.\u00a0<strong>1<\/strong><\/em><strong><em>\u00aa <\/em><\/strong><strong><em>J<\/em><\/strong><strong><em>ua<\/em><\/strong><strong><em>n 2:19<\/em><\/strong>), se dan cuenta lo terrible y potente que son estas palabras. Mientras el creyente persevera, el convencido pero no convertido es inconstante y no puede ser de otra forma, porque jam\u00e1s ha sido creyente. En el caso de los jud\u00edos que participaban en la Iglesia, hab\u00eda algunos que no dejaban de mirar hacia los rituales lev\u00edticos, Pablo les est\u00e1 diciendo: si te est\u00e1s fijando en eso como un elemento que te ayudar\u00e1 a tener tu salvaci\u00f3n, estas mostrando que no eres salvo, y algo parecido ocurre en nuestros d\u00edas con aquellas personas que creen necesario hacer algo para ganar la salvaci\u00f3n, es que no est\u00e1n dispuestos a recibir un bien tan grande sin hacer ellos un esfuerzo, eso es un golpe a su orgullo, no aceptan que el perd\u00f3n de sus pecados descanse exclusivamente sobre la cruz del Calvario, esto es porque no tienen conciencia que la cruz existe por causa de sus pecados.<\/p>\n<ol>\n<li><strong>El pueblo de Dios halla reposo en \u00c9l.<\/strong><\/li>\n<\/ol>\n<p>Pero nuestro mayor inter\u00e9s hoy lo fijaremos en la segunda parte de este cap\u00edtulo, los <strong><em>vers\u00edculos 7\u201319<\/em><\/strong><\/p>\n<h2><strong>B.1 La desobediencia no pasa inadvertida a Dios.<\/strong><\/h2>\n<p>Se inicia este p\u00e1rrafo citando el <strong><em>Salmo 95:7\u201311<\/em><\/strong>:<\/p>\n<p><em>\u201c<\/em><em>Porque \u00e9l es nuestro Dios; nosotros el pueblo de su dehesa, y ovejas de su mano. Si hoy oyereis su voz,\u00a0<\/em><em>n<\/em><em>o endurezc\u00e1is vuestro coraz\u00f3n como en Meriba, como el d\u00eda de Masa en el desierto;\u00a0<\/em><em>d<\/em><em>onde me tentaron vuestros padres, prob\u00e1ronme, y vieron mi obra.<\/em><\/p>\n<p><em>Cuarenta a\u00f1os estuve disgustado con la naci\u00f3n, y dije: Pueblo es que divaga de coraz\u00f3n, y no han conocido mis caminos.<\/em> <em>Por tanto jur\u00e9 en mi furor que no entrar\u00edan en mi reposo\u201d.<\/em><\/p>\n<p><strong><em>Hebreos 3<\/em><\/strong> y el <strong><em>Salmo 95<\/em><\/strong> hacen referencia a lo que encontramos relatado en <strong><em>N\u00fameros 13 y 14<\/em><\/strong>, parte de eso ya lo recordamos en nuestra lectura devocional, Israel ten\u00eda todo para conquistar la Tierra Prometida, el reporte entregado por los doce esp\u00edas enviados era muy favorable en cuanto a la generosidad de la tierra para dar alimento al pueblo. Sin embargo, hubo un tropiezo que result\u00f3 inevitable para el voluble coraz\u00f3n israelita:<\/p>\n<p><em>\u201cN<\/em><em>o podremos subir contra aquel pueblo; porque es m\u00e1s fuerte que nosotros.<\/em><\/p>\n<p><em>Y vituperaron entre los hijos de Israel la tierra que hab<\/em><em>\u00edan reconocido, diciendo: La tierra por donde pasamos para reconocerla, es tierra que traga <\/em><em>a<\/em><em> sus moradores; y todo el pueblo que vimos en medio de ella, son hombres de grande estatura.<\/em><\/p>\n<p><em>Tambi<\/em><em>\u00e9n vimos all\u00ed gigantes, hijos de Anac, <\/em><em>raza de los gigantes: y <\/em><em>\u00e9ramos nosotros, <\/em><em>a<\/em><em> nuestro parecer, como langostas; y as\u00ed les parec\u00edamos <\/em><em>a<\/em><em> ellos<\/em><em>\u201d<\/em><em>.\u00a0<\/em><strong><em>N<\/em><\/strong><strong><em>\u00fam<\/em><\/strong><strong><em>eros<\/em><\/strong><strong><em> 13:32<\/em><\/strong><strong><em>\u201334<\/em><\/strong><\/p>\n<p>Hace tan s\u00f3lo un a\u00f1o y medio que han cruzado en seco el Mar Rojo y vieron como todo el ej\u00e9rcito de Fara\u00f3n pereci\u00f3 ahogado por haber desafiado a Dios entrando entre las dos murallas de aguas que flanqueaban el paso que Dios abri\u00f3 a su pueblo, pero ante la siguiente dificultad, olvidaron el poder con que Dios los hab\u00eda tra\u00eddo hasta ese punto de sus vidas. En vez de tomar las experiencias pasadas para reafirmar su fe s\u00f3lo vieron las dificultades y pusieron en eso su atenci\u00f3n, en ning\u00fan momento se les pas\u00f3 por la mente volver sus miradas a Jehov\u00e1, lo \u00fanico que ve\u00edan eran unos gigantes prontos a devorarlos.<\/p>\n<p>Qu\u00e9 curioso, en esos d\u00edas unos hombres de gran altura espantaron a los esp\u00edas israelitas y los derrotaron sin siquiera enfrentarlos y hoy un microsc\u00f3pico virus tiene en vilo a todo el mundo. T\u00edpica reacci\u00f3n del hombre confiando en s\u00ed mismo.<\/p>\n<p>Las consecuencias fueron fatales para ellos, s\u00f3lo Josu\u00e9 y Caleb entraron a la Tierra Prometida de los que al momento de salir de Egipto ten\u00edan m\u00e1s de 20 a\u00f1os.<\/p>\n<p>Es que con Dios no podemos jugar. Desobedecer su voluntad es un grave pecado que, s\u00ed o s\u00ed tendr\u00e1 su justo castigo. Para los israelitas fue muerte en el desierto y estuvieron impedidos de entrar a poseer lo que se les hab\u00eda prometido, lo que era para ellos.<\/p>\n<p>Toda desobediencia recibe el justo castigo.<\/p>\n<p>Pero es en este punto que algo nos debe llamar la atenci\u00f3n poderosamente, hubo uno que obedeci\u00f3 siempre y sin embargo, tuvo que cargar sobre \u00c9l el mayor castigo que jam\u00e1s alguien haya recibido, es as\u00ed, a primera vista puede parecer una injusticia atroz, sin embargo, el Hijo de Dios estuvo dispuesto a tomar nuestro lugar para que el castigo de nuestra desobediencia recayera sobre \u00c9l en vez de que fuera sobre nosotros. <em>\u201c\u2026<\/em><em>Cristo padeci\u00f3 una vez por los pecados, el justo por los injustos, para llevarnos <\/em><em>a<\/em><em> Dios, siendo <\/em><em>a<\/em><em> la verdad muerto en la carne, pero vivificado en esp\u00edritu<\/em><em>\u201d<\/em><em>\u00a0<strong>1<\/strong><\/em><strong><em>\u00aa <\/em><\/strong><strong><em>Pe<\/em><\/strong><strong><em>dro<\/em><\/strong><strong><em> 3:18<\/em><\/strong>\u00a0el sacrificio de Cristo llev\u00f3 a Dios a cumplir su justicia en su propio Hijo.<\/p>\n<p>Hoy Dios imputa esa justicia a los redimidos por la sangre preciosa vertida en la cruz. Ese es el resultado final del evangelio en nuestras vidas: <em>\u201c<\/em><em>Justificados pues por la fe, tenemos paz para con Dios por medio de nuestro Se\u00f1or Jesucristo<\/em><em>: por el cual tambi\u00e9n tenemos entrada por la fe a esta gracia en la cual estamos firmes, y nos gloriamos en la esperanza de la gloria de Dios\u201d.\u00a0<\/em><strong><em>Rom<\/em><\/strong><strong><em>anos<\/em><\/strong><strong><em> 5:1<\/em><\/strong><strong><em>\u20132<\/em><\/strong><\/p>\n<p>Merecemos el castigo por nuestra rebeli\u00f3n contra Dios, la que no queda sin castigo pues la muerte de Cristo fue una muerte sustitutiva, \u00c9l ocup\u00f3 nuestro lugar, as\u00ed es, estuvo dispuesto a tomar tu lugar y el m\u00edo y sufrir la muerte para darnos vida.<\/p>\n<p>Esto nos lleva a nuestro siguiente punto:<\/p>\n<h2><strong>B.2 El pueblo de Dios halla reposo en \u00c9l<\/strong><\/h2>\n<p>Primero una reflexi\u00f3n importante:<\/p>\n<p>\u00bfQui\u00e9n es el autor de la Biblia?<\/p>\n<p>\u00bfQu\u00e9 est\u00e1 citando Pablo en este trozo de la ep\u00edstola?<\/p>\n<p>A la primera pregunta respondemos que Dios es el autor de la Biblia\u00a0<em>\u201cToda Escritura es inspirada divinamente\u201d <strong>2\u00aa Timoteo 3:16<\/strong><\/em>, esto es procede de Dios, pues fue por acci\u00f3n del Esp\u00edritu Santo que hablaron los escritores b\u00edblicos <em>\u201cPorque la profec\u00eda no fue en los tiempos pasados tra\u00edda por voluntad humana, sino los santos hombres de Dios hablaron siendo inspirados <\/em>(movidos) <em>del Esp\u00edritu Santo\u201d <strong>2\u00aa Pedro 1:21<\/strong><\/em>.<\/p>\n<p>Pablo est\u00e1 citando el <strong><em>Salmo 95<\/em><\/strong>, muy probablemente escrito por David, sin embargo, \u00bfen boca de quien pone las palabras del Salmo? <em>\u201c<\/em><em>como dice el Esp\u00edritu Santo\u2026\u201d<\/em> cada vez que abres tu Biblia para leerla recuerda: es la Palabra de Dios, es el Esp\u00edritu Santo quien hablar\u00e1 a tu coraz\u00f3n, hazlo entonces con temor de Dios y recogimiento de esp\u00edritu, luego presta atenci\u00f3n a tu lectura, no act\u00faes como los israelitas de <strong><em>N\u00fameros 14<\/em><\/strong>, que estuvieron a d\u00edas de entrar a la Tierra Prometida y por su rebeld\u00eda tardaron 40 a\u00f1os en volver a ese punto para atravesar el Jord\u00e1n y conquistarla, pero de los que se rebelaron, ninguno entr\u00f3, s\u00f3lo Josu\u00e9 y Caleb, y el resto, como ya hemos recordado, todos nacieron en el \u00e9xodo por el desierto o eran menores de 20 a\u00f1os al salir de Egipto.<\/p>\n<p>El \u00e9xodo del pueblo de Israel desde Egipto a la Tierra Prometida es una figura de lo que es la vida del cristiano. Hay hermosos paralelos entre ese hecho hist\u00f3rico y nuestra vida.<\/p>\n<p>Dios sac\u00f3 a Israel de la esclavitud mostrando su poder, gloria y soberan\u00eda sobre el poder, gloria y soberan\u00eda del hombre, mostr\u00f3 su poder superior en cada momento. No hab\u00eda fuerzas humanas que permitieran a Israel librarse de la esclavitud, s\u00f3lo el poder de Dios hizo posible la libertad de la esclavitud del pueblo.<\/p>\n<p>Nosotros hemos sido librados de la esclavitud del pecado por medio del sacrificio de Jes\u00fas, el Cordero de Dios que quita el pecado del mundo.<\/p>\n<p>\u00bfTenemos la capacidad de no pecar por nuestras propias fuerzas? Claramente NO, el pecado esclaviza al ser humano, Pablo en <strong><em>Romanos 7<\/em><\/strong> al reflexionar sobre el poder destructor del pecado escribe:<\/p>\n<p><em>\u201c<\/em><em>Porque no hago el bien que quiero; mas el mal que no quiero, \u00e9ste hago.<\/em><\/p>\n<p><em>Y si hago lo que no quiero, ya no lo obro yo, sino el pecado que mora en m\u00ed.<\/em><\/p>\n<p><em>As\u00ed que, queriendo yo hacer el bien, hallo esta ley: Que el mal est\u00e1 en m\u00ed.<\/em><\/p>\n<p><em>Porque seg\u00fan el hombre interior, me deleito en la ley de Dios:<\/em><em> m<\/em><em>as veo otra ley en mis miembros, que se rebela contra la ley de mi esp\u00edritu, y que me lleva cautivo <\/em><em>a <\/em><em>la ley del pecado que est\u00e1 en mis miembros.<\/em><\/p>\n<p><em>\u00a1Miserable hombre de m\u00ed! \u00bfqui\u00e9n me librar\u00e1 del cuerpo de esta muerte?\u201d\u00a0<strong>Romanos 7:19 \u2013 24<\/strong><\/em><\/p>\n<p>Entonces, no nos queda otra posibilidad que alguien con un poder mayor a nuestras fuerzas nos de la mano y nos saque de esta situaci\u00f3n. Eso es lo que hace Dios, por medio del Esp\u00edritu Santo regenera tu coraz\u00f3n, te da vida, lo transforma y aplica la sangre de Cristo derramada en la cruz sobre ti, ahora somos en Cristo hechos nuevas criaturas.<\/p>\n<p>Hoy, as\u00ed como el pueblo de Israel fue librado de la esclavitud en Egipto y guiado por Mois\u00e9s a trav\u00e9s del \u00e9xodo a la Tierra Prometida, cada uno de nosotros va rumbo a la Patria Celestial. El gu\u00eda del pueblo de Israel fue Mois\u00e9s, nuestro gu\u00eda es el propio Se\u00f1or, por medio de su Esp\u00edritu Santo que viene a vivir en cada hijo de Dios.<\/p>\n<p>Volviendo a nuestro texto, Pablo expresa su preocupaci\u00f3n por los santos en los <strong><em>vers\u00edculos 12 y siguientes<\/em><\/strong><em>:<\/em><\/p>\n<p><em>\u201c<\/em><em>Mirad, hermanos, que en ninguno de vosotros haya coraz\u00f3n malo de incredulidad para apartarse del Dios vivo:\u00a0<\/em><em>Antes exhortaos los unos a los otros cada d\u00eda, entre tanto que se dice Hoy; porque ninguno de vosotros se endurezca con enga\u00f1o de pecado:\u00a0Porque participantes de Cristo somos hechos, con tal que conservemos firme hasta el fin el principio de nuestra confianza\u201d<\/em>.<\/p>\n<p>Leemos en la Palabra de Dios: <em>\u201c<\/em><em>As\u00ed que, el que piensa estar firme, mire no caiga<\/em><em>\u201d<\/em><em>\u00a0<strong>1<\/strong><\/em><strong><em>\u00aa <\/em><\/strong><strong><em>Co<\/em><\/strong><strong><em>rintios<\/em><\/strong><strong><em> 10:12<\/em><\/strong><em>.<\/em><\/p>\n<p>La exhortaci\u00f3n que se inicia en el <strong><em>vers. 12<\/em><\/strong> es una advertencia que tiene dos finalidades: para los santos, es una invitaci\u00f3n a perseverar mirando a Cristo, que venzamos la tentaci\u00f3n de mirar el mundo y lo que \u00e9l nos ofrece y apartarnos de los caminos que Dios nos ha preparado y a los inconversos que en arrepentimiento y fe en Cristo acudan a \u00c9l y le entreguen su coraz\u00f3n en vez de aparatarse a sus propios caminos, que eviten la incredulidad que los llevar\u00e1 a condenaci\u00f3n.<\/p>\n<p>El ap\u00f3stol concluye esta secci\u00f3n volviendo a la misma idea expresada en el <strong><em>vers. 6<\/em><\/strong> que ya hemos comentado: <em>\u201cPorque participantes de Cristo somos hechos, con tal que conservemos firme hasta el fin el principio de nuestra confianza\u201d<\/em><\/p>\n<p>Estos vers\u00edculos nos exhortan a ser obedientes a Cristo, a perseverar en sus caminos, que es el testimonio que mostrar\u00e1 a quienes nos rodean que somos hijos de Dios.<\/p>\n<p>Amada iglesia del Se\u00f1or, esta conclusi\u00f3n que quede en el coraz\u00f3n de cada creyente, conservemos firmes nuestra fe hasta el fin, ese es el principio de nuestra confianza, encuentra tu reposo en Dios y exclamemos con Pablo:<\/p>\n<p><em>\u201cGracias doy a Dios, por Jesucristo Se\u00f1or nuestro\u201d.<strong> Romanos 7:25<\/strong>\u00a0<\/em><\/p>\n<p>Am\u00e9n.<\/p>\n","protected":false},"excerpt":{"rendered":"<p>Hebreos 3 \u2013 \u201cEl pueblo de Dios halla reposo en \u00c9l\u201d 1\u00a0\u00a0\u00a0 Por tanto, hermanos santos, participantes de la vocaci\u00f3n celestial, considerad al Ap\u00f3stol y Pont\u00edfice de nuestra profesi\u00f3n, Cristo Jes\u00fas; 2\u00a0\u00a0 El cual es fiel al que le constituy\u00f3, como tambi\u00e9n lo fue Mois\u00e9s sobre toda su casa. 3\u00a0\u00a0 Porque de tanto mayor gloria [&hellip;]<\/p>\n","protected":false},"author":1,"featured_media":0,"comment_status":"closed","ping_status":"open","sticky":false,"template":"","format":"standard","meta":{"_monsterinsights_skip_tracking":false,"_monsterinsights_sitenote_active":false,"_monsterinsights_sitenote_note":"","_monsterinsights_sitenote_category":0,"__cvm_playback_settings":[],"__cvm_video_id":"","footnotes":""},"categories":[11],"tags":[],"class_list":["post-2912","post","type-post","status-publish","format-standard","hentry","category-mensajes"],"yoast_head":"<!-- This site is optimized with the Yoast SEO plugin v27.5 - https:\/\/yoast.com\/product\/yoast-seo-wordpress\/ -->\n<title>Hebreos 3, El pueblo de Dios halla reposo en \u00c9l. - Iglesia Smirna<\/title>\n<meta name=\"description\" content=\"El presb\u00edtero Alvar Carre\u00f1o nos invita a recorrer la Ep\u00edstola a Los Hebreos, extrayendo profundas ense\u00f1anzas durante el recorrido. Estudios desarrollados durante la pandemia.\" \/>\n<meta name=\"robots\" content=\"index, follow, max-snippet:-1, max-image-preview:large, max-video-preview:-1\" \/>\n<link rel=\"canonical\" href=\"https:\/\/smirna.cl\/wordpress\/hebreos-3\/\" \/>\n<meta property=\"og:locale\" content=\"es_ES\" \/>\n<meta property=\"og:type\" content=\"article\" \/>\n<meta property=\"og:title\" content=\"Hebreos 3, El pueblo de Dios halla reposo en \u00c9l. - Iglesia Smirna\" \/>\n<meta property=\"og:description\" content=\"El presb\u00edtero Alvar Carre\u00f1o nos invita a recorrer la Ep\u00edstola a Los Hebreos, extrayendo profundas ense\u00f1anzas durante el recorrido. Estudios desarrollados durante la pandemia.\" \/>\n<meta property=\"og:url\" content=\"https:\/\/smirna.cl\/wordpress\/hebreos-3\/\" \/>\n<meta property=\"og:site_name\" content=\"Iglesia Smirna\" \/>\n<meta property=\"article:publisher\" content=\"http:\/\/www.facebook.com\/iglesiasmirna\/\" \/>\n<meta property=\"article:published_time\" content=\"2021-08-09T02:18:51+00:00\" \/>\n<meta property=\"article:modified_time\" content=\"2025-04-11T21:16:08+00:00\" \/>\n<meta property=\"og:image\" content=\"https:\/\/smirna.cl\/wordpress\/wp-content\/uploads\/2017\/11\/logo-1.jpg\" \/>\n\t<meta property=\"og:image:width\" content=\"65\" \/>\n\t<meta property=\"og:image:height\" content=\"72\" \/>\n\t<meta property=\"og:image:type\" content=\"image\/jpeg\" \/>\n<meta name=\"author\" content=\"Webmaster\" \/>\n<meta name=\"twitter:label1\" content=\"Escrito por\" \/>\n\t<meta name=\"twitter:data1\" content=\"Webmaster\" \/>\n\t<meta name=\"twitter:label2\" content=\"Tiempo de lectura\" \/>\n\t<meta name=\"twitter:data2\" content=\"15 minutos\" \/>\n<script type=\"application\/ld+json\" class=\"yoast-schema-graph\">{\"@context\":\"https:\\\/\\\/schema.org\",\"@graph\":[{\"@type\":\"Article\",\"@id\":\"https:\\\/\\\/smirna.cl\\\/wordpress\\\/hebreos-3\\\/#article\",\"isPartOf\":{\"@id\":\"https:\\\/\\\/smirna.cl\\\/wordpress\\\/hebreos-3\\\/\"},\"author\":{\"name\":\"Webmaster\",\"@id\":\"https:\\\/\\\/smirna.cl\\\/wordpress\\\/#\\\/schema\\\/person\\\/0e901c14ef2d450c76b6c9af2c11feab\"},\"headline\":\"Hebreos 3, El pueblo de Dios halla reposo en \u00c9l.\",\"datePublished\":\"2021-08-09T02:18:51+00:00\",\"dateModified\":\"2025-04-11T21:16:08+00:00\",\"mainEntityOfPage\":{\"@id\":\"https:\\\/\\\/smirna.cl\\\/wordpress\\\/hebreos-3\\\/\"},\"wordCount\":3237,\"publisher\":{\"@id\":\"https:\\\/\\\/smirna.cl\\\/wordpress\\\/#organization\"},\"articleSection\":[\"Mensajes\"],\"inLanguage\":\"es\"},{\"@type\":\"WebPage\",\"@id\":\"https:\\\/\\\/smirna.cl\\\/wordpress\\\/hebreos-3\\\/\",\"url\":\"https:\\\/\\\/smirna.cl\\\/wordpress\\\/hebreos-3\\\/\",\"name\":\"Hebreos 3, El pueblo de Dios halla reposo en \u00c9l. - Iglesia Smirna\",\"isPartOf\":{\"@id\":\"https:\\\/\\\/smirna.cl\\\/wordpress\\\/#website\"},\"datePublished\":\"2021-08-09T02:18:51+00:00\",\"dateModified\":\"2025-04-11T21:16:08+00:00\",\"description\":\"El presb\u00edtero Alvar Carre\u00f1o nos invita a recorrer la Ep\u00edstola a Los Hebreos, extrayendo profundas ense\u00f1anzas durante el recorrido. Estudios desarrollados durante la pandemia.\",\"breadcrumb\":{\"@id\":\"https:\\\/\\\/smirna.cl\\\/wordpress\\\/hebreos-3\\\/#breadcrumb\"},\"inLanguage\":\"es\",\"potentialAction\":[{\"@type\":\"ReadAction\",\"target\":[\"https:\\\/\\\/smirna.cl\\\/wordpress\\\/hebreos-3\\\/\"]}]},{\"@type\":\"BreadcrumbList\",\"@id\":\"https:\\\/\\\/smirna.cl\\\/wordpress\\\/hebreos-3\\\/#breadcrumb\",\"itemListElement\":[{\"@type\":\"ListItem\",\"position\":1,\"name\":\"Home\",\"item\":\"https:\\\/\\\/smirna.cl\\\/wordpress\\\/\"},{\"@type\":\"ListItem\",\"position\":2,\"name\":\"Hebreos 3, El pueblo de Dios halla reposo en \u00c9l.\"}]},{\"@type\":\"WebSite\",\"@id\":\"https:\\\/\\\/smirna.cl\\\/wordpress\\\/#website\",\"url\":\"https:\\\/\\\/smirna.cl\\\/wordpress\\\/\",\"name\":\"Iglesia Smirna\",\"description\":\"Iglesia Smirna\",\"publisher\":{\"@id\":\"https:\\\/\\\/smirna.cl\\\/wordpress\\\/#organization\"},\"potentialAction\":[{\"@type\":\"SearchAction\",\"target\":{\"@type\":\"EntryPoint\",\"urlTemplate\":\"https:\\\/\\\/smirna.cl\\\/wordpress\\\/?s={search_term_string}\"},\"query-input\":{\"@type\":\"PropertyValueSpecification\",\"valueRequired\":true,\"valueName\":\"search_term_string\"}}],\"inLanguage\":\"es\"},{\"@type\":\"Organization\",\"@id\":\"https:\\\/\\\/smirna.cl\\\/wordpress\\\/#organization\",\"name\":\"Iglesia Smirna\",\"url\":\"https:\\\/\\\/smirna.cl\\\/wordpress\\\/\",\"logo\":{\"@type\":\"ImageObject\",\"inLanguage\":\"es\",\"@id\":\"https:\\\/\\\/smirna.cl\\\/wordpress\\\/#\\\/schema\\\/logo\\\/image\\\/\",\"url\":\"http:\\\/\\\/smirna.cl\\\/wordpress\\\/wp-content\\\/uploads\\\/2017\\\/11\\\/logo-1.jpg\",\"contentUrl\":\"http:\\\/\\\/smirna.cl\\\/wordpress\\\/wp-content\\\/uploads\\\/2017\\\/11\\\/logo-1.jpg\",\"width\":65,\"height\":72,\"caption\":\"Iglesia Smirna\"},\"image\":{\"@id\":\"https:\\\/\\\/smirna.cl\\\/wordpress\\\/#\\\/schema\\\/logo\\\/image\\\/\"},\"sameAs\":[\"http:\\\/\\\/www.facebook.com\\\/iglesiasmirna\\\/\",\"https:\\\/\\\/www.youtube.com\\\/channel\\\/UCNLg72edfDxAGpMGOHgxXMA\"]},{\"@type\":\"Person\",\"@id\":\"https:\\\/\\\/smirna.cl\\\/wordpress\\\/#\\\/schema\\\/person\\\/0e901c14ef2d450c76b6c9af2c11feab\",\"name\":\"Webmaster\",\"image\":{\"@type\":\"ImageObject\",\"inLanguage\":\"es\",\"@id\":\"https:\\\/\\\/secure.gravatar.com\\\/avatar\\\/17bf4c70b739801d1a9c2708fe4074c5c7cfb6fb81af6bbfb877ce374a8c8514?s=96&d=mm&r=g\",\"url\":\"https:\\\/\\\/secure.gravatar.com\\\/avatar\\\/17bf4c70b739801d1a9c2708fe4074c5c7cfb6fb81af6bbfb877ce374a8c8514?s=96&d=mm&r=g\",\"contentUrl\":\"https:\\\/\\\/secure.gravatar.com\\\/avatar\\\/17bf4c70b739801d1a9c2708fe4074c5c7cfb6fb81af6bbfb877ce374a8c8514?s=96&d=mm&r=g\",\"caption\":\"Webmaster\"},\"url\":\"https:\\\/\\\/smirna.cl\\\/wordpress\\\/author\\\/jrm1hotmail-com\\\/\"}]}<\/script>\n<!-- \/ Yoast SEO plugin. -->","yoast_head_json":{"title":"Hebreos 3, El pueblo de Dios halla reposo en \u00c9l. - Iglesia Smirna","description":"El presb\u00edtero Alvar Carre\u00f1o nos invita a recorrer la Ep\u00edstola a Los Hebreos, extrayendo profundas ense\u00f1anzas durante el recorrido. Estudios desarrollados durante la pandemia.","robots":{"index":"index","follow":"follow","max-snippet":"max-snippet:-1","max-image-preview":"max-image-preview:large","max-video-preview":"max-video-preview:-1"},"canonical":"https:\/\/smirna.cl\/wordpress\/hebreos-3\/","og_locale":"es_ES","og_type":"article","og_title":"Hebreos 3, El pueblo de Dios halla reposo en \u00c9l. - Iglesia Smirna","og_description":"El presb\u00edtero Alvar Carre\u00f1o nos invita a recorrer la Ep\u00edstola a Los Hebreos, extrayendo profundas ense\u00f1anzas durante el recorrido. Estudios desarrollados durante la pandemia.","og_url":"https:\/\/smirna.cl\/wordpress\/hebreos-3\/","og_site_name":"Iglesia Smirna","article_publisher":"http:\/\/www.facebook.com\/iglesiasmirna\/","article_published_time":"2021-08-09T02:18:51+00:00","article_modified_time":"2025-04-11T21:16:08+00:00","og_image":[{"width":65,"height":72,"url":"https:\/\/smirna.cl\/wordpress\/wp-content\/uploads\/2017\/11\/logo-1.jpg","type":"image\/jpeg"}],"author":"Webmaster","twitter_misc":{"Escrito por":"Webmaster","Tiempo de lectura":"15 minutos"},"schema":{"@context":"https:\/\/schema.org","@graph":[{"@type":"Article","@id":"https:\/\/smirna.cl\/wordpress\/hebreos-3\/#article","isPartOf":{"@id":"https:\/\/smirna.cl\/wordpress\/hebreos-3\/"},"author":{"name":"Webmaster","@id":"https:\/\/smirna.cl\/wordpress\/#\/schema\/person\/0e901c14ef2d450c76b6c9af2c11feab"},"headline":"Hebreos 3, El pueblo de Dios halla reposo en \u00c9l.","datePublished":"2021-08-09T02:18:51+00:00","dateModified":"2025-04-11T21:16:08+00:00","mainEntityOfPage":{"@id":"https:\/\/smirna.cl\/wordpress\/hebreos-3\/"},"wordCount":3237,"publisher":{"@id":"https:\/\/smirna.cl\/wordpress\/#organization"},"articleSection":["Mensajes"],"inLanguage":"es"},{"@type":"WebPage","@id":"https:\/\/smirna.cl\/wordpress\/hebreos-3\/","url":"https:\/\/smirna.cl\/wordpress\/hebreos-3\/","name":"Hebreos 3, El pueblo de Dios halla reposo en \u00c9l. - Iglesia Smirna","isPartOf":{"@id":"https:\/\/smirna.cl\/wordpress\/#website"},"datePublished":"2021-08-09T02:18:51+00:00","dateModified":"2025-04-11T21:16:08+00:00","description":"El presb\u00edtero Alvar Carre\u00f1o nos invita a recorrer la Ep\u00edstola a Los Hebreos, extrayendo profundas ense\u00f1anzas durante el recorrido. Estudios desarrollados durante la pandemia.","breadcrumb":{"@id":"https:\/\/smirna.cl\/wordpress\/hebreos-3\/#breadcrumb"},"inLanguage":"es","potentialAction":[{"@type":"ReadAction","target":["https:\/\/smirna.cl\/wordpress\/hebreos-3\/"]}]},{"@type":"BreadcrumbList","@id":"https:\/\/smirna.cl\/wordpress\/hebreos-3\/#breadcrumb","itemListElement":[{"@type":"ListItem","position":1,"name":"Home","item":"https:\/\/smirna.cl\/wordpress\/"},{"@type":"ListItem","position":2,"name":"Hebreos 3, El pueblo de Dios halla reposo en \u00c9l."}]},{"@type":"WebSite","@id":"https:\/\/smirna.cl\/wordpress\/#website","url":"https:\/\/smirna.cl\/wordpress\/","name":"Iglesia Smirna","description":"Iglesia Smirna","publisher":{"@id":"https:\/\/smirna.cl\/wordpress\/#organization"},"potentialAction":[{"@type":"SearchAction","target":{"@type":"EntryPoint","urlTemplate":"https:\/\/smirna.cl\/wordpress\/?s={search_term_string}"},"query-input":{"@type":"PropertyValueSpecification","valueRequired":true,"valueName":"search_term_string"}}],"inLanguage":"es"},{"@type":"Organization","@id":"https:\/\/smirna.cl\/wordpress\/#organization","name":"Iglesia Smirna","url":"https:\/\/smirna.cl\/wordpress\/","logo":{"@type":"ImageObject","inLanguage":"es","@id":"https:\/\/smirna.cl\/wordpress\/#\/schema\/logo\/image\/","url":"http:\/\/smirna.cl\/wordpress\/wp-content\/uploads\/2017\/11\/logo-1.jpg","contentUrl":"http:\/\/smirna.cl\/wordpress\/wp-content\/uploads\/2017\/11\/logo-1.jpg","width":65,"height":72,"caption":"Iglesia Smirna"},"image":{"@id":"https:\/\/smirna.cl\/wordpress\/#\/schema\/logo\/image\/"},"sameAs":["http:\/\/www.facebook.com\/iglesiasmirna\/","https:\/\/www.youtube.com\/channel\/UCNLg72edfDxAGpMGOHgxXMA"]},{"@type":"Person","@id":"https:\/\/smirna.cl\/wordpress\/#\/schema\/person\/0e901c14ef2d450c76b6c9af2c11feab","name":"Webmaster","image":{"@type":"ImageObject","inLanguage":"es","@id":"https:\/\/secure.gravatar.com\/avatar\/17bf4c70b739801d1a9c2708fe4074c5c7cfb6fb81af6bbfb877ce374a8c8514?s=96&d=mm&r=g","url":"https:\/\/secure.gravatar.com\/avatar\/17bf4c70b739801d1a9c2708fe4074c5c7cfb6fb81af6bbfb877ce374a8c8514?s=96&d=mm&r=g","contentUrl":"https:\/\/secure.gravatar.com\/avatar\/17bf4c70b739801d1a9c2708fe4074c5c7cfb6fb81af6bbfb877ce374a8c8514?s=96&d=mm&r=g","caption":"Webmaster"},"url":"https:\/\/smirna.cl\/wordpress\/author\/jrm1hotmail-com\/"}]}},"_links":{"self":[{"href":"https:\/\/smirna.cl\/wordpress\/wp-json\/wp\/v2\/posts\/2912","targetHints":{"allow":["GET"]}}],"collection":[{"href":"https:\/\/smirna.cl\/wordpress\/wp-json\/wp\/v2\/posts"}],"about":[{"href":"https:\/\/smirna.cl\/wordpress\/wp-json\/wp\/v2\/types\/post"}],"author":[{"embeddable":true,"href":"https:\/\/smirna.cl\/wordpress\/wp-json\/wp\/v2\/users\/1"}],"replies":[{"embeddable":true,"href":"https:\/\/smirna.cl\/wordpress\/wp-json\/wp\/v2\/comments?post=2912"}],"version-history":[{"count":3,"href":"https:\/\/smirna.cl\/wordpress\/wp-json\/wp\/v2\/posts\/2912\/revisions"}],"predecessor-version":[{"id":3488,"href":"https:\/\/smirna.cl\/wordpress\/wp-json\/wp\/v2\/posts\/2912\/revisions\/3488"}],"wp:attachment":[{"href":"https:\/\/smirna.cl\/wordpress\/wp-json\/wp\/v2\/media?parent=2912"}],"wp:term":[{"taxonomy":"category","embeddable":true,"href":"https:\/\/smirna.cl\/wordpress\/wp-json\/wp\/v2\/categories?post=2912"},{"taxonomy":"post_tag","embeddable":true,"href":"https:\/\/smirna.cl\/wordpress\/wp-json\/wp\/v2\/tags?post=2912"}],"curies":[{"name":"wp","href":"https:\/\/api.w.org\/{rel}","templated":true}]}}