{"id":2358,"date":"2020-06-13T00:08:53","date_gmt":"2020-06-13T04:08:53","guid":{"rendered":"http:\/\/smirna.cl\/wordpress\/?p=2358"},"modified":"2020-06-13T00:08:53","modified_gmt":"2020-06-13T04:08:53","slug":"satanas-odia-la-palabra-de-dios","status":"publish","type":"post","link":"https:\/\/smirna.cl\/wordpress\/satanas-odia-la-palabra-de-dios\/","title":{"rendered":"Satan\u00e1s odia la Palabra de Dios"},"content":{"rendered":"<h3>SATANAS ODIA LA PALABRA DE DIOS<\/h3>\n<p>Dr. Silas E. de Oliveira.<br \/>\nSao Paulo, Brasil.<br \/>\nVicepresidente de la ALADIC para Brasil.<\/p>\n<p>El tema que me fue encomendado no es una pregunta, sino una afirmaci\u00f3n: nosotros, los hijos de Dios sabemos que Satan\u00e1s odia la Palabra de Dios.<\/p>\n<p>Eso es lo que podemos sentir y verificar mediante todo lo que la Biblia narra respecto del enemigo de nuestras almas, destacando las astutas maquinaciones que usa. Si, \u00e9l odia la Biblia.<\/p>\n<p>\u00bfY por qu\u00e9? Porque Dios nos dio la Biblia para nuestros corazones. Es la carta de Dios para los hombres, para qe todos conozcan su amor y su plan de salvaci\u00f3n.<\/p>\n<p>El diablo se identifica con la mentira misma.<\/p>\n<p>Por lo tanto es el padre de la mentira (Juan 8:44) y evidentemente, no puede o\u00edr la afirmaci\u00f3n de Heb. 4:12:<\/p>\n<p><em>\u201cPorque la palabra de Dios es viva y eficaz y m\u00e1s penetrante que toda espada de dos filos y que alcanza hasta partir el alma y aun el esp\u00edritu y las coyunturas y tu\u00e9tanos y discierne los pensamientos y las intensiones del coraz\u00f3n\u201d.<\/em><\/p>\n<p>Eso es la Biblia, poder irrefutable de Dios, tanto que es viva, tiene vida en s\u00ed misma, porque es la propia Palabra de Dios, la verdad, que realmente produce la salvaci\u00f3n; es eficaz y por su acci\u00f3n penetra efectivamente en el coraz\u00f3n del hombre, hasta lo m\u00e1s \u00edntimo, es decir, hasta la divisi\u00f3n entre el alma y el esp\u00edritu y, de ese modo tiene capacidad absoluta de esclarecer los pensamientos y las intenciones del coraz\u00f3n, conduciendo a la persona humana a aceptar la verdad de Dios.<\/p>\n<p>Y ese fue el prop\u00f3sito de Dios, como lo afirma en Isa\u00edas 55:11:<\/p>\n<p><em>\u201cAs\u00ed ser\u00e1 mi palabra que sale de mi boca: no volver\u00e1 a m\u00ed vac\u00eda, antes har\u00e1 lo que yo quiero y ser\u00e1 prosperada en aquello para que la envi\u00e9\u201d.<\/em><\/p>\n<p>Esa es una palabra (la Biblia) que no vuelve vac\u00eda y produce salvaci\u00f3n.<\/p>\n<p>\u00bfY por qu\u00e9? Porque es la Palabra manifestada de Dios, como leemos en 2\u00aa Pedro 1:21:<\/p>\n<p><em>\u201cPorque la profec\u00eda no fue en los tiempos pasados tra\u00edda por voluntad humana, sino los santos hombres de Dios hablaron siendo inspirados del Esp\u00edritu Santo\u201d.<\/em><\/p>\n<p>Esta es la raz\u00f3n del odio de Satan\u00e1s, porque produce salvaci\u00f3n.<\/p>\n<p><em>\u201cPorque la palabra de Dios es viva y eficaz y m\u00e1s penetrante que toda espada de dos filos y que alcanza hasta partir el alma y aun el esp\u00edritu y las coyunturas y tu\u00e9tanos y discierne los pensamientos y las intensiones del coraz\u00f3n\u201d Heb. 4:12.<\/em><\/p>\n<p>Es tan verdadero esto que en G\u00e9nesis 3 se nos dice que Satan\u00e1s enga\u00f1\u00f3 a Eva, mintiendo exactamente en relaci\u00f3n con la Palabra de Dios, para lo cual cambi\u00f3 lo que verdaderamente Dios le hab\u00eda dicho a Adam y lo cambi\u00f3, minti\u00e9ndole, como leemos en 2\u00aa Corintios 11:3:<\/p>\n<p><em>\u201cMas temo que como la serpiente enga\u00f1\u00f3 a Eva con su astucia, sean corrompidos vuestros sentidos en alguna manera de la simplicidad que es en Cristo\u201d.<\/em><\/p>\n<p>Fue una actitud de odio de Satan\u00e1s, en relaci\u00f3n con la Biblia, porque ella es la verdad y, aunque el resultado haya sido funesto para la humanidad, lo cierto es que inmediatamente despu\u00e9s Dios dio a conocer al mundo el plan de salvaci\u00f3n del hombre, incluyendo la verdad del sacrificio de Cristo en el Calvario (G\u00e9nesis 3:15).<\/p>\n<p>De ah\u00ed en adelante y porque el hombre, como generaci\u00f3n de Adam, pas\u00f3 a estar espiritualmente muero, Dios fue preparando por escrito su Palabra, con toda la visi\u00f3n prof\u00e9tica de lo que iba a suceder, para mostrar el camino de salvaci\u00f3n mediante el Mes\u00edas que vendr\u00eda y que vino, en un plan maravilloso, para librar al hombre de la condenaci\u00f3n del pecado, debido a que Cristo, por el infinito amor de Dios, tom\u00f3 nuestro lugar en la cruz del Calvario y, lo que fue mejor y definitivo, no qued\u00f3 en el sepulcro, sino que resucit\u00f3 al tercer d\u00eda, venciendo la muerte, seg\u00fan lo previsto en la Palabra de Dios. Fue una derrota m\u00e1s de Satan\u00e1s, por lo cual, naturalmente, aument\u00f3 mucho m\u00e1s su odio.<\/p>\n<p>En el tiempo que media entre el nacimiento de Jes\u00fas y su crucifixi\u00f3n y resurrecci\u00f3n, el diablo trat\u00f3 de derrotar a Jes\u00fas, pero no lo consigui\u00f3 (Marcos 1:31). Satan\u00e1s fue derrotado tambi\u00e9n.<\/p>\n<p>Podemos decir que lo mismo ocurri\u00f3 hasta el fin del siglo I.<\/p>\n<p>En los siglos II y siguientes, hasta el IV, hubo un per\u00edodo obscuro en relaci\u00f3n con la iglesia cristiana, incluirse con persecuciones constantes del Imperio Romano, con sus circos y catacumbas, hasta la falsa conversi\u00f3n de Constantino, que atenu\u00f3 las persecuciones y la incredulidad y que permiti\u00f3 el surgimiento posterior de la Iglesia Cat\u00f3lica Romana, que al fin sustituy\u00f3 al Imperio Romano. De este modo todo continu\u00f3 bajo la direcci\u00f3n de esa iglesia, hasta la Reforma.<\/p>\n<h4>EL GRAN ACONTECIMIENTO<\/h4>\n<p>La historia nos dice que durante los siglos XIV Y XV el deseo del pueblo de leer la Biblia era muy grande, pero que las autoridades religiosas cat\u00f3licas prohib\u00edan el acceso al Libro sagrado.<\/p>\n<p>Adem\u00e1s, la Biblia existente era la Vulgata latina, de Jer\u00f3nimo, con una gran influencia de la escuela que rechazaba la deidad de Cristo, debido a que el texto b\u00e1sico (para la traducci\u00f3n) fue el texto alejandrino que est\u00e1 muy influido por los pueblos paganos. Adem\u00e1s, como el texto estaba en lat\u00edn, muy pocos pod\u00edan leerlo.<\/p>\n<p>Fue entonces que surgieron las figuras de Wiclef y Tyndale, quienes tradujeron la Biblia para que el pueblo tuviera acceso a ella y, al fin, en el siglo XVI naci\u00f3 el movimiento de la Reforma, con Lucero, Calvino y otros, que se pronunci\u00f3 por el uso de Biblias fieles a los originales, que es el \u201cTexto Mesor\u00e9tico\u201d para el Antiguo Testamento y el \u201cReceptus\u201d para el Nuevo Testamento.<\/p>\n<p>La Reforma misma fue el resultado de la conversi\u00f3n de varios l\u00edderes al verdadero evangelio. Esta fue una gran victoria de Dios contra el odio de Satan\u00e1s, principalmente contra la Biblia.<\/p>\n<p>Despu\u00e9s transcurrieron cerca de trescientos cincuenta a\u00f1os de verdadera paz en relaci\u00f3n con los textos de la Palabra de Dios.<\/p>\n<h4>MOVIMIENTOS CONTRA LA REFORMA<\/h4>\n<p>En el siglo XVI, tan rico en acontecimientos, se produjo la Reforma, que fue una gran bendici\u00f3n, pero al mismo tiempo se produjo el movimiento secular del Renacimiento.<\/p>\n<p>La Reforma fue un hito en la historia del cristianismo. Pero tambi\u00e9n, en el aspecto secular, debido a la influencia del Renacimiento, se desarroll\u00f3 el humanismo, que indudablemente influy\u00f3 much\u00edsimo en la posici\u00f3n religiosa; as\u00ed llegamos al liberalismo en todo sentido, es decir a la libertad individual en el campo de la pol\u00edtica, de la moral y de la religi\u00f3n.<\/p>\n<p>Por eso las conquistas de la Reforma se fueron diluyendo progresivamente en el humanismo renacentista y en el liberalismo, apart\u00e1ndose mucho de los genuinos ideales b\u00edblicos y evang\u00e9licos, a pesar del hero\u00edsmo y de las conquistas teol\u00f3gicas de los reformadores, como Lucero, Calvino, Zwinglio y otros, como Juan Ferreira de Almeida, que tradujo la Biblia al portugu\u00e9s.<\/p>\n<p>Esto se agrav\u00f3 en el siglo XVIII con la Revoluci\u00f3n Francesa, que dur\u00f3 cerca de nueve a\u00f1os y que fortaleci\u00f3 a\u00fan m\u00e1s el liberalismo, principalmente teol\u00f3gico.<\/p>\n<p>Es en ese ambiente que aparece el Nuevo Testamento cr\u00edtico, producido bajo la inspiraci\u00f3n de la alta cr\u00edtica, con una posici\u00f3n radicalmente contraria a los principios fundamentales de la fe cristiana aut\u00e9ntica.<\/p>\n<p>La deidad de Cristo queda anulada en el trabajo de los autores Wescot y Hort, se ataca la Trinidad divina y partes de la Palabra de Dios se suprimen, lo que permite el desarrollo y surgimiento de los te\u00f3logos liberales, que niegan la completa veracidad de la Palabra de Dios. Es as\u00ed como aparece la negaci\u00f3n de su inspiraci\u00f3n plenaria y de su inhabilidad. Esto da lugar tambi\u00e9n a que los revisores y los traductores pasen a usar el sistema din\u00e1mico, no literal, anulando de este modo la fidelidad a los textos originales.<\/p>\n<p>Al fin hemos llegado al desastre que estamos viviendo ahora, cuando parece que Satan\u00e1s est\u00e1 teniendo \u00e9xito en su odio a la Biblia.<\/p>\n<p>En el Brasil, con la excepci\u00f3n de la Antigua Biblia Corregida, resultante del trabajo de Juan Ferreira de Almeida y la Biblia Trinitariana, todas las dem\u00e1s se basan en la teolog\u00eda liberal, en la alta cr\u00edtica y en el Nuevo Testamento cr\u00edtico.<\/p>\n<p>Proliferan adem\u00e1s las orientaciones liberales y varias sectas van creciendo y produciendo un verdadero caos de doctrina que pone en jaque la posici\u00f3n fiel de la teolog\u00eda b\u00edblica. De este modo, los te\u00f3logos liberales han desfilado con sus teolog\u00edas falsas que inclusive atentan directamente contra la Palabra de Dios. Esto es el resultado del odio de Satan\u00e1s.<\/p>\n<p>Veamos entonces este desfile:<\/p>\n<ul>\n<li>Ren\u00e9 Descartes: fue el campe\u00f3n del m\u00e9todo deductivo y se le considera el padre de la filosof\u00eda moderna;<\/li>\n<li>Juan Astruc, padre del autocriticismo;<\/li>\n<li>David Hume: fil\u00f3sofo historiador, famoso por su escepticismo o agnosticismo, qui\u00e9n atac\u00f3 los milagros de la Biblia;<\/li>\n<li>Federico D. E. Schleiermacher: te\u00f3logo y fil\u00f3sofo alem\u00e1n, quien a pesar de haber sido criado entre los hermanos moravos, recibi\u00f3 la influencia de Kant e ide\u00f3 una teolog\u00eda liberal modernista, con uno de sus principios b\u00e1sicos: el fundamento de toda verdad religiosa no est\u00e1 en las Escrituras, sino en la conciencia natural del hombre (o en su sentimiento):<\/li>\n<li>Emmanuel Kant: fil\u00f3sofo alem\u00e1n, quien en su libro Cr\u00edtica de la Raz\u00f3n Pura desarroll\u00f3 su filosof\u00eda idealista, que sostiene que existe un mundo de cosas que en s\u00ed mismas est\u00e1n m\u00e1s all\u00e1 de los sentidos, por lo cual la ciencia nunca puede penetrar en ellas. Dios no puede ser conocido, pero es necesario, debido a que el hombre debe procurar obtener el Supremo Bien;<\/li>\n<li>Kart Barth: comenz\u00f3 su carrera como liberal tradicional, en busca del reino. Entonces ocurri\u00f3 la primera guerra mundial y el optimismo del antiguo liberalismo sobre la habilidad del hombre se contradijo con la situaci\u00f3n del mundo. Algunos liberales consideraron su mensaje como un nuevo liberalismo. Sin embargo Barth se inclin\u00f3 hacia la derecha teol\u00f3gica, aunque ha permanecido lejos de la ortodoxia b\u00edblica.<\/li>\n<\/ul>\n<p>Estos son te\u00f3logos liberales que han desfilado durante estos a\u00f1os, principalmente en los siglos XVIII, XIX y XX.<\/p>\n<p>Pero existen otros m\u00e1s que son enemigos de la misma Biblia y que, por eso trabajan para hacer efectivo el odio de Satan\u00e1s contra la Palabra de Dios. Entre ellos se cuentan: Emil Brunner, Reinhold Niebuhr, Paul J. Tillich y Rudolph Bultman, que pertenecen a la nueva escuela liberal (llamada neortodoxia o neoliberalismo).<\/p>\n<p>Este conjunto de te\u00f3logos liberales ha hecho prevalecer las siguientes conclusiones liberales y modernistas:<\/p>\n<ul>\n<li>Negaci\u00f3n de la doctrina de la Trinidad;<\/li>\n<li>El Esp\u00edritu Santo es s\u00f3lo una influencia impersonal o el modo como se expresa el Padre;<\/li>\n<li>Negaci\u00f3n del Jes\u00fas hist\u00f3rico; le atribuyen s\u00f3lo la condici\u00f3n de mediador de la revelaci\u00f3n y de la gracia de Dios;<\/li>\n<li>Negaci\u00f3n del nacimiento virginal de Cristo, de su divinidad, de sus milagros y expiaci\u00f3n;<\/li>\n<li>Salvaci\u00f3n universal (todos se salvan al fin) y negaci\u00f3n de la existencia del infierno;<\/li>\n<li>El hombre, sus derechos y sus \u00e9xitos son el centro de las preocupaciones y no Dios;<\/li>\n<li>Negaci\u00f3n de la gravedad y de la depravaci\u00f3n producida por el pecado, por lo cual se destaca, en cambio, la bondad innata de los hombres; y<\/li>\n<li>Sus fallas no son pecados, sino consecuencias de una sociedad mal dispuesta.<\/li>\n<li>Amados hermanos, esta es la situaci\u00f3n actual en todo el mundo, fruto del odio del diablo contra la Biblia.<\/li>\n<\/ul>\n<p>Como soldados de Dios tenemos que luchar contra ese odio, ya que sabemos que venceremos por el poder de Dios. As\u00ed pues, debemos amar profundamente la Palabra de Dios, distribuir la Palabra fiel, ense\u00f1arla, predicar el evangelio, defender la fe verdadera, usar solamente un texto fiel, adornar la Palabra de Dios (con nuestra conducta) y vivirla; confiar en el Dios verdadero.<\/p>\n<p>\u00c9l es poderoso:<\/p>\n<p><em>\u201cBendito el Dios y Padre de nuestro Se\u00f1or Jesucristo, que seg\u00fan su grande misericordia nos ha regenerado en esperanza viva, por la resurrecci\u00f3n de Jesucristo de los muertos, para una herencia incorruptible y que no puede contaminarse, ni mancharse, reservada en los cielos, para nosotros, que somos guardados en la virtud de Dios por fe, para alcanzar la salvaci\u00f3n que est\u00e1 aparejada para ser manifestada en el postrimero tiempo. En lo cual vosotros os alegr\u00e1is, estando al presente un poco de tiempo afligidos en diversas tentaciones, si es necesario, para la que prueba de vuestra fe, mucho m\u00e1s preciosa que el oro, el cual perece, bien que sea probado con fuego, sea hallada en alabanza, gloria y honra, cuando Jesucristo fuere manifestado\u201d<br \/>\n1\u00aa Pedro 1:3\u20137.<\/em><\/p>\n<p>XIX Congreso ALADIC \u2013 Guatemala, 2007<\/p>\n","protected":false},"excerpt":{"rendered":"<p>SATANAS ODIA LA PALABRA DE DIOS Dr. Silas E. de Oliveira. Sao Paulo, Brasil. Vicepresidente de la ALADIC para Brasil. El tema que me fue encomendado no es una pregunta, sino una afirmaci\u00f3n: nosotros, los hijos de Dios sabemos que Satan\u00e1s odia la Palabra de Dios. Eso es lo que podemos sentir y verificar mediante [&hellip;]<\/p>\n","protected":false},"author":1,"featured_media":0,"comment_status":"closed","ping_status":"open","sticky":false,"template":"","format":"standard","meta":{"_monsterinsights_skip_tracking":false,"_monsterinsights_sitenote_active":false,"_monsterinsights_sitenote_note":"","_monsterinsights_sitenote_category":0,"__cvm_playback_settings":[],"__cvm_video_id":"","footnotes":""},"categories":[11],"tags":[],"class_list":["post-2358","post","type-post","status-publish","format-standard","hentry","category-mensajes"],"yoast_head":"<!-- This site is optimized with the Yoast SEO plugin v27.5 - https:\/\/yoast.com\/product\/yoast-seo-wordpress\/ -->\n<title>Satan\u00e1s odia la Palabra de Dios - Iglesia Smirna<\/title>\n<meta name=\"description\" content=\"Satan\u00e1s odia la Palabra de Dios. Interesante tema presentado por el Dr. Silas E. de Oliveira en el Congreso Aladic, Guatemala 2007\" \/>\n<meta name=\"robots\" content=\"index, follow, max-snippet:-1, max-image-preview:large, max-video-preview:-1\" \/>\n<link rel=\"canonical\" href=\"https:\/\/smirna.cl\/wordpress\/satanas-odia-la-palabra-de-dios\/\" \/>\n<meta property=\"og:locale\" content=\"es_ES\" \/>\n<meta property=\"og:type\" content=\"article\" \/>\n<meta property=\"og:title\" content=\"Satan\u00e1s odia la Palabra de Dios - Iglesia Smirna\" \/>\n<meta property=\"og:description\" content=\"Satan\u00e1s odia la Palabra de Dios. Interesante tema presentado por el Dr. Silas E. de Oliveira en el Congreso Aladic, Guatemala 2007\" \/>\n<meta property=\"og:url\" content=\"https:\/\/smirna.cl\/wordpress\/satanas-odia-la-palabra-de-dios\/\" \/>\n<meta property=\"og:site_name\" content=\"Iglesia Smirna\" \/>\n<meta property=\"article:publisher\" content=\"http:\/\/www.facebook.com\/iglesiasmirna\/\" \/>\n<meta property=\"article:published_time\" content=\"2020-06-13T04:08:53+00:00\" \/>\n<meta property=\"og:image\" content=\"https:\/\/smirna.cl\/wordpress\/wp-content\/uploads\/2017\/11\/logo-1.jpg\" \/>\n\t<meta property=\"og:image:width\" content=\"65\" \/>\n\t<meta property=\"og:image:height\" content=\"72\" \/>\n\t<meta property=\"og:image:type\" content=\"image\/jpeg\" \/>\n<meta name=\"author\" content=\"Webmaster\" \/>\n<meta name=\"twitter:label1\" content=\"Escrito por\" \/>\n\t<meta name=\"twitter:data1\" content=\"Webmaster\" \/>\n\t<meta name=\"twitter:label2\" content=\"Tiempo de lectura\" \/>\n\t<meta name=\"twitter:data2\" content=\"11 minutos\" \/>\n<script type=\"application\/ld+json\" class=\"yoast-schema-graph\">{\"@context\":\"https:\\\/\\\/schema.org\",\"@graph\":[{\"@type\":\"Article\",\"@id\":\"https:\\\/\\\/smirna.cl\\\/wordpress\\\/satanas-odia-la-palabra-de-dios\\\/#article\",\"isPartOf\":{\"@id\":\"https:\\\/\\\/smirna.cl\\\/wordpress\\\/satanas-odia-la-palabra-de-dios\\\/\"},\"author\":{\"name\":\"Webmaster\",\"@id\":\"https:\\\/\\\/smirna.cl\\\/wordpress\\\/#\\\/schema\\\/person\\\/0e901c14ef2d450c76b6c9af2c11feab\"},\"headline\":\"Satan\u00e1s odia la Palabra de Dios\",\"datePublished\":\"2020-06-13T04:08:53+00:00\",\"mainEntityOfPage\":{\"@id\":\"https:\\\/\\\/smirna.cl\\\/wordpress\\\/satanas-odia-la-palabra-de-dios\\\/\"},\"wordCount\":2239,\"publisher\":{\"@id\":\"https:\\\/\\\/smirna.cl\\\/wordpress\\\/#organization\"},\"articleSection\":[\"Mensajes\"],\"inLanguage\":\"es\"},{\"@type\":\"WebPage\",\"@id\":\"https:\\\/\\\/smirna.cl\\\/wordpress\\\/satanas-odia-la-palabra-de-dios\\\/\",\"url\":\"https:\\\/\\\/smirna.cl\\\/wordpress\\\/satanas-odia-la-palabra-de-dios\\\/\",\"name\":\"Satan\u00e1s odia la Palabra de Dios - Iglesia Smirna\",\"isPartOf\":{\"@id\":\"https:\\\/\\\/smirna.cl\\\/wordpress\\\/#website\"},\"datePublished\":\"2020-06-13T04:08:53+00:00\",\"description\":\"Satan\u00e1s odia la Palabra de Dios. Interesante tema presentado por el Dr. Silas E. de Oliveira en el Congreso Aladic, Guatemala 2007\",\"breadcrumb\":{\"@id\":\"https:\\\/\\\/smirna.cl\\\/wordpress\\\/satanas-odia-la-palabra-de-dios\\\/#breadcrumb\"},\"inLanguage\":\"es\",\"potentialAction\":[{\"@type\":\"ReadAction\",\"target\":[\"https:\\\/\\\/smirna.cl\\\/wordpress\\\/satanas-odia-la-palabra-de-dios\\\/\"]}]},{\"@type\":\"BreadcrumbList\",\"@id\":\"https:\\\/\\\/smirna.cl\\\/wordpress\\\/satanas-odia-la-palabra-de-dios\\\/#breadcrumb\",\"itemListElement\":[{\"@type\":\"ListItem\",\"position\":1,\"name\":\"Home\",\"item\":\"https:\\\/\\\/smirna.cl\\\/wordpress\\\/\"},{\"@type\":\"ListItem\",\"position\":2,\"name\":\"Satan\u00e1s odia la Palabra de Dios\"}]},{\"@type\":\"WebSite\",\"@id\":\"https:\\\/\\\/smirna.cl\\\/wordpress\\\/#website\",\"url\":\"https:\\\/\\\/smirna.cl\\\/wordpress\\\/\",\"name\":\"Iglesia Smirna\",\"description\":\"Iglesia Smirna\",\"publisher\":{\"@id\":\"https:\\\/\\\/smirna.cl\\\/wordpress\\\/#organization\"},\"potentialAction\":[{\"@type\":\"SearchAction\",\"target\":{\"@type\":\"EntryPoint\",\"urlTemplate\":\"https:\\\/\\\/smirna.cl\\\/wordpress\\\/?s={search_term_string}\"},\"query-input\":{\"@type\":\"PropertyValueSpecification\",\"valueRequired\":true,\"valueName\":\"search_term_string\"}}],\"inLanguage\":\"es\"},{\"@type\":\"Organization\",\"@id\":\"https:\\\/\\\/smirna.cl\\\/wordpress\\\/#organization\",\"name\":\"Iglesia Smirna\",\"url\":\"https:\\\/\\\/smirna.cl\\\/wordpress\\\/\",\"logo\":{\"@type\":\"ImageObject\",\"inLanguage\":\"es\",\"@id\":\"https:\\\/\\\/smirna.cl\\\/wordpress\\\/#\\\/schema\\\/logo\\\/image\\\/\",\"url\":\"http:\\\/\\\/smirna.cl\\\/wordpress\\\/wp-content\\\/uploads\\\/2017\\\/11\\\/logo-1.jpg\",\"contentUrl\":\"http:\\\/\\\/smirna.cl\\\/wordpress\\\/wp-content\\\/uploads\\\/2017\\\/11\\\/logo-1.jpg\",\"width\":65,\"height\":72,\"caption\":\"Iglesia Smirna\"},\"image\":{\"@id\":\"https:\\\/\\\/smirna.cl\\\/wordpress\\\/#\\\/schema\\\/logo\\\/image\\\/\"},\"sameAs\":[\"http:\\\/\\\/www.facebook.com\\\/iglesiasmirna\\\/\",\"https:\\\/\\\/www.youtube.com\\\/channel\\\/UCNLg72edfDxAGpMGOHgxXMA\"]},{\"@type\":\"Person\",\"@id\":\"https:\\\/\\\/smirna.cl\\\/wordpress\\\/#\\\/schema\\\/person\\\/0e901c14ef2d450c76b6c9af2c11feab\",\"name\":\"Webmaster\",\"image\":{\"@type\":\"ImageObject\",\"inLanguage\":\"es\",\"@id\":\"https:\\\/\\\/secure.gravatar.com\\\/avatar\\\/17bf4c70b739801d1a9c2708fe4074c5c7cfb6fb81af6bbfb877ce374a8c8514?s=96&d=mm&r=g\",\"url\":\"https:\\\/\\\/secure.gravatar.com\\\/avatar\\\/17bf4c70b739801d1a9c2708fe4074c5c7cfb6fb81af6bbfb877ce374a8c8514?s=96&d=mm&r=g\",\"contentUrl\":\"https:\\\/\\\/secure.gravatar.com\\\/avatar\\\/17bf4c70b739801d1a9c2708fe4074c5c7cfb6fb81af6bbfb877ce374a8c8514?s=96&d=mm&r=g\",\"caption\":\"Webmaster\"},\"url\":\"https:\\\/\\\/smirna.cl\\\/wordpress\\\/author\\\/jrm1hotmail-com\\\/\"}]}<\/script>\n<!-- \/ Yoast SEO plugin. -->","yoast_head_json":{"title":"Satan\u00e1s odia la Palabra de Dios - Iglesia Smirna","description":"Satan\u00e1s odia la Palabra de Dios. Interesante tema presentado por el Dr. Silas E. de Oliveira en el Congreso Aladic, Guatemala 2007","robots":{"index":"index","follow":"follow","max-snippet":"max-snippet:-1","max-image-preview":"max-image-preview:large","max-video-preview":"max-video-preview:-1"},"canonical":"https:\/\/smirna.cl\/wordpress\/satanas-odia-la-palabra-de-dios\/","og_locale":"es_ES","og_type":"article","og_title":"Satan\u00e1s odia la Palabra de Dios - Iglesia Smirna","og_description":"Satan\u00e1s odia la Palabra de Dios. Interesante tema presentado por el Dr. Silas E. de Oliveira en el Congreso Aladic, Guatemala 2007","og_url":"https:\/\/smirna.cl\/wordpress\/satanas-odia-la-palabra-de-dios\/","og_site_name":"Iglesia Smirna","article_publisher":"http:\/\/www.facebook.com\/iglesiasmirna\/","article_published_time":"2020-06-13T04:08:53+00:00","og_image":[{"width":65,"height":72,"url":"https:\/\/smirna.cl\/wordpress\/wp-content\/uploads\/2017\/11\/logo-1.jpg","type":"image\/jpeg"}],"author":"Webmaster","twitter_misc":{"Escrito por":"Webmaster","Tiempo de lectura":"11 minutos"},"schema":{"@context":"https:\/\/schema.org","@graph":[{"@type":"Article","@id":"https:\/\/smirna.cl\/wordpress\/satanas-odia-la-palabra-de-dios\/#article","isPartOf":{"@id":"https:\/\/smirna.cl\/wordpress\/satanas-odia-la-palabra-de-dios\/"},"author":{"name":"Webmaster","@id":"https:\/\/smirna.cl\/wordpress\/#\/schema\/person\/0e901c14ef2d450c76b6c9af2c11feab"},"headline":"Satan\u00e1s odia la Palabra de Dios","datePublished":"2020-06-13T04:08:53+00:00","mainEntityOfPage":{"@id":"https:\/\/smirna.cl\/wordpress\/satanas-odia-la-palabra-de-dios\/"},"wordCount":2239,"publisher":{"@id":"https:\/\/smirna.cl\/wordpress\/#organization"},"articleSection":["Mensajes"],"inLanguage":"es"},{"@type":"WebPage","@id":"https:\/\/smirna.cl\/wordpress\/satanas-odia-la-palabra-de-dios\/","url":"https:\/\/smirna.cl\/wordpress\/satanas-odia-la-palabra-de-dios\/","name":"Satan\u00e1s odia la Palabra de Dios - Iglesia Smirna","isPartOf":{"@id":"https:\/\/smirna.cl\/wordpress\/#website"},"datePublished":"2020-06-13T04:08:53+00:00","description":"Satan\u00e1s odia la Palabra de Dios. Interesante tema presentado por el Dr. Silas E. de Oliveira en el Congreso Aladic, Guatemala 2007","breadcrumb":{"@id":"https:\/\/smirna.cl\/wordpress\/satanas-odia-la-palabra-de-dios\/#breadcrumb"},"inLanguage":"es","potentialAction":[{"@type":"ReadAction","target":["https:\/\/smirna.cl\/wordpress\/satanas-odia-la-palabra-de-dios\/"]}]},{"@type":"BreadcrumbList","@id":"https:\/\/smirna.cl\/wordpress\/satanas-odia-la-palabra-de-dios\/#breadcrumb","itemListElement":[{"@type":"ListItem","position":1,"name":"Home","item":"https:\/\/smirna.cl\/wordpress\/"},{"@type":"ListItem","position":2,"name":"Satan\u00e1s odia la Palabra de Dios"}]},{"@type":"WebSite","@id":"https:\/\/smirna.cl\/wordpress\/#website","url":"https:\/\/smirna.cl\/wordpress\/","name":"Iglesia Smirna","description":"Iglesia Smirna","publisher":{"@id":"https:\/\/smirna.cl\/wordpress\/#organization"},"potentialAction":[{"@type":"SearchAction","target":{"@type":"EntryPoint","urlTemplate":"https:\/\/smirna.cl\/wordpress\/?s={search_term_string}"},"query-input":{"@type":"PropertyValueSpecification","valueRequired":true,"valueName":"search_term_string"}}],"inLanguage":"es"},{"@type":"Organization","@id":"https:\/\/smirna.cl\/wordpress\/#organization","name":"Iglesia Smirna","url":"https:\/\/smirna.cl\/wordpress\/","logo":{"@type":"ImageObject","inLanguage":"es","@id":"https:\/\/smirna.cl\/wordpress\/#\/schema\/logo\/image\/","url":"http:\/\/smirna.cl\/wordpress\/wp-content\/uploads\/2017\/11\/logo-1.jpg","contentUrl":"http:\/\/smirna.cl\/wordpress\/wp-content\/uploads\/2017\/11\/logo-1.jpg","width":65,"height":72,"caption":"Iglesia Smirna"},"image":{"@id":"https:\/\/smirna.cl\/wordpress\/#\/schema\/logo\/image\/"},"sameAs":["http:\/\/www.facebook.com\/iglesiasmirna\/","https:\/\/www.youtube.com\/channel\/UCNLg72edfDxAGpMGOHgxXMA"]},{"@type":"Person","@id":"https:\/\/smirna.cl\/wordpress\/#\/schema\/person\/0e901c14ef2d450c76b6c9af2c11feab","name":"Webmaster","image":{"@type":"ImageObject","inLanguage":"es","@id":"https:\/\/secure.gravatar.com\/avatar\/17bf4c70b739801d1a9c2708fe4074c5c7cfb6fb81af6bbfb877ce374a8c8514?s=96&d=mm&r=g","url":"https:\/\/secure.gravatar.com\/avatar\/17bf4c70b739801d1a9c2708fe4074c5c7cfb6fb81af6bbfb877ce374a8c8514?s=96&d=mm&r=g","contentUrl":"https:\/\/secure.gravatar.com\/avatar\/17bf4c70b739801d1a9c2708fe4074c5c7cfb6fb81af6bbfb877ce374a8c8514?s=96&d=mm&r=g","caption":"Webmaster"},"url":"https:\/\/smirna.cl\/wordpress\/author\/jrm1hotmail-com\/"}]}},"_links":{"self":[{"href":"https:\/\/smirna.cl\/wordpress\/wp-json\/wp\/v2\/posts\/2358","targetHints":{"allow":["GET"]}}],"collection":[{"href":"https:\/\/smirna.cl\/wordpress\/wp-json\/wp\/v2\/posts"}],"about":[{"href":"https:\/\/smirna.cl\/wordpress\/wp-json\/wp\/v2\/types\/post"}],"author":[{"embeddable":true,"href":"https:\/\/smirna.cl\/wordpress\/wp-json\/wp\/v2\/users\/1"}],"replies":[{"embeddable":true,"href":"https:\/\/smirna.cl\/wordpress\/wp-json\/wp\/v2\/comments?post=2358"}],"version-history":[{"count":1,"href":"https:\/\/smirna.cl\/wordpress\/wp-json\/wp\/v2\/posts\/2358\/revisions"}],"predecessor-version":[{"id":2359,"href":"https:\/\/smirna.cl\/wordpress\/wp-json\/wp\/v2\/posts\/2358\/revisions\/2359"}],"wp:attachment":[{"href":"https:\/\/smirna.cl\/wordpress\/wp-json\/wp\/v2\/media?parent=2358"}],"wp:term":[{"taxonomy":"category","embeddable":true,"href":"https:\/\/smirna.cl\/wordpress\/wp-json\/wp\/v2\/categories?post=2358"},{"taxonomy":"post_tag","embeddable":true,"href":"https:\/\/smirna.cl\/wordpress\/wp-json\/wp\/v2\/tags?post=2358"}],"curies":[{"name":"wp","href":"https:\/\/api.w.org\/{rel}","templated":true}]}}