{"id":2248,"date":"2020-05-21T22:20:11","date_gmt":"2020-05-22T02:20:11","guid":{"rendered":"http:\/\/smirna.cl\/wordpress\/?p=2248"},"modified":"2020-05-21T22:24:33","modified_gmt":"2020-05-22T02:24:33","slug":"posicion-doctrinal-de-nuestra-iglesia","status":"publish","type":"post","link":"https:\/\/smirna.cl\/wordpress\/posicion-doctrinal-de-nuestra-iglesia\/","title":{"rendered":"Posici\u00f3n doctrinal de nuestra Iglesia"},"content":{"rendered":"<h3>Posici\u00f3n doctrinal de nuestra Iglesia<\/h3>\n<p>Reuni\u00f3n de dirigentes de las iglesias<br \/>\nSeptiembre 2007<\/p>\n<p>Esta reuni\u00f3n no tiene por objeto abrir un debate sobre los cinco puntos del calvinismo, sino informar sobre la posici\u00f3n doctrinal de nuestra denominaci\u00f3n respecto a esto y exponer su fundamento b\u00edblico. Si alguno tiene una pregunta sobre algo que no entendi\u00f3, puede hacerla.<\/p>\n<p>Pero si alguien no est\u00e1 de acuerdo con la posici\u00f3n doctrinal de nuestra denominaci\u00f3n no lo plantee ahora. Despu\u00e9s, privadamente, tendr\u00e9 no s\u00f3lo la voluntad, sino el gusto de conversarlo.<\/p>\n<p>Creo que no est\u00e1 dem\u00e1s decir en este momento que la mayor\u00eda de los hermanos que han llegado a no estar de acuerdo con la posici\u00f3n b\u00edblica de nuestra denominaci\u00f3n, actitud que han tomado de fuera de ella, han mostrado un apasionamiento que les lleva a enojarse, levantar la voz y ser a veces sumamente irrespetuosos. Esto muestra que su preocupaci\u00f3n no es s\u00f3lo celo por la verdad, sino un \u00e1nimo carnal, muy frecuentemente de orgullo intelectual.<\/p>\n<p>Exhorto a TODOS a respetarse y a amarse sinceramente y a tratar estos problemas con verdadera mansedumbre. Nada justifica que nos airemos por esta causa y esto hasta perder el dominio propio, lo que contradice lo que nos ense\u00f1\u00f3 nuestro Se\u00f1or por palabra y ejemplo.<\/p>\n<p>Tambi\u00e9n tengo que dejar muy en claro que cuando nos referimos a grandes te\u00f3logos y otros siervos del Se\u00f1or no nos declaramos disc\u00edpulos de ellos, ya que nuestro \u00fanico maestro es nuestro Se\u00f1or Jesucristo, sino s\u00f3lo que respetamos a aquellos a quienes nuestro Dios ha usado en forma extraordinaria en su obra. Tal es el caso de Agust\u00edn, Lutero, Calvino, Mc Intire, etc.<\/p>\n<p>Nuestra denominaci\u00f3n se declara calvinista, no por ser disc\u00edpulos o seguidores de Calvino, sino por que respetamos a tan gran hombre de Dios y estamos de acuerdo con la forma como \u00e9l entendi\u00f3 la Palabra de Dios. Lo m\u00e1s destacado dentro de su forma de entender la Biblia fue su ense\u00f1anza sobre la soberan\u00eda de Dios, que es absoluta y determinante en todo cuanto ha sido hecho y ocurre en el universo. Creemos que efectivamente Dios se revela as\u00ed en su Palabra, como soberano Se\u00f1or del universo y de cuanto en \u00e9l existe. Esto significa que siempre se hace su voluntad y no existe poder alguno que pueda impedirla o hacerla nula.<\/p>\n<p>Cuando se habla de los cinco puntos del calvinismo no se hace referencia a una ense\u00f1anza sistem\u00e1tica de Calvino. Incluso es posible que parte de ellos no fuera ense\u00f1ada ni sostenida por \u00e9l. No he encontrado, por ejemplo, m\u00e1s que una l\u00ednea que podr\u00eda interpretarse, pero que no lo dice expresamente, sobre expiaci\u00f3n limitada en su obra maestra, la instituci\u00f3n de la Religi\u00f3n Cristiana y nada en su gran comentario sobre Romanos. Ignoro si lo hace en otras de sus numerosas obras.<\/p>\n<p>Lo cierto es que los cinco puntos del calvinismo son una elaboraci\u00f3n de los te\u00f3logos holandeses como un siglo despu\u00e9s de Calvino, motivada por la controversia arminiana.<\/p>\n<p>En relaci\u00f3n con esto consideremos el siguiente esquema:<\/p>\n\n<table id=\"tablepress-14\" class=\"tablepress tablepress-id-14\">\n<thead>\n<tr class=\"row-1\">\n\t<th class=\"column-1\">Hipercalvinistas<\/th><th class=\"column-2\">Calvinistas estrictos<br \/>\nCalvinistas moderados<\/th><th class=\"column-3\">Arminianos y semipelagianos<\/th><th class=\"column-4\">Pelagianos<\/th>\n<\/tr>\n<\/thead>\n<tbody class=\"row-striping row-hover\">\n<tr class=\"row-2\">\n\t<td class=\"column-1\">La voluntad del hombre completamente eliminada<\/td><td class=\"column-2\">El hombre tiene voluntad pero la ejerce de acuerdo con Dios s\u00f3lo cuando es regenerado.<\/td><td class=\"column-3\">El hombre conserva su propia voluntad, pero necesita del auxilio divino.<\/td><td class=\"column-4\">El hombre conserva totalmente su voluntad.<\/td>\n<\/tr>\n<\/tbody>\n<\/table>\n\n<p>Los cinco puntos del calvinismo son los siguientes:<\/p>\n<p>1. Total depravaci\u00f3n (espiritual) de todos los seres humanos;<\/p>\n<p>2. Elecci\u00f3n incondicional;<\/p>\n<p>3. Expiaci\u00f3n limitada;<\/p>\n<p>4. Gracia irresistible; y<\/p>\n<p>5. Perseverancia de los santos.<\/p>\n<p>Nuestra denominaci\u00f3n acepta firmemente los puntos 1,2, 4, y 5, pero no el 3 en su forma extrema.<\/p>\n<p>Esta posici\u00f3n es la que se ense\u00f1aba en nuestro seminario desde su fundaci\u00f3n en 1949, es decir es la posici\u00f3n de nuestra denominaci\u00f3n desde el principio.<\/p>\n<p>Me limitar\u00e9 a exponer en la forma m\u00e1s clara que me sea posible los puntos que aceptamos, sin recargar la exposici\u00f3n con textos b\u00edblicos, tanto porque hay muchos para cada uno de ellos, como porque no hay diferencia de criterio sobre ninguno de ellos entre nosotros.<\/p>\n<h4>1. Total depravaci\u00f3n (espiritual) de todos los seres humanos.<\/h4>\n<p>Cuando Ad\u00e1n pec\u00f3 su naturaleza completa qued\u00f3 afectada por el pecado, esto incluy\u00f3 su inteligencia, sentimientos y voluntad.<\/p>\n<p>No quedaron completamente anuladas o destruidas estas facultades, por que en ese caso habr\u00eda Ad\u00e1n y todos sus descendientes dejado de ser personas, pero la inteligencia se obscureci\u00f3, no amamos naturalmente a Dios y aunque seguimos tomando decisiones voluntarias, estas decisiones siempre son contrarias a Dios.<\/p>\n<p>No es obligado a tomar estas decisiones, podr\u00eda tomarlas a favor o en contra de Dios, pero su naturaleza enteramente corrompida le hace decidir siempre en contra de Dios.<\/p>\n<p>Existen dos opiniones diferentes acerca de c\u00f3mo la ca\u00edda de Ad\u00e1n nos afecta a todos sus descendientes, pero lo b\u00e1sico es que a causa de la ca\u00edda todos somos pecadores de nacimiento.<\/p>\n<h4>2. Elecci\u00f3n incondicional.<\/h4>\n<p>De entre todos los seres humanos perdidos Dios quiso, seg\u00fan su soberana voluntad, elegir a algunos para que se salvaran y dejar a los dem\u00e1s en su perdici\u00f3n. Esto \u00faltimo es lo mismo que decir que fueron predestinados para condenaci\u00f3n, lo cual ense\u00f1a claramente la Biblia.<\/p>\n<p>Cuando la Biblia dice que a los que antes conoci\u00f3 a estos predestin\u00f3 no quiere decir que Dios vio anticipadamente alg\u00fan m\u00e9rito en algunos, por el cual les predestin\u00f3 para ser salvos, porque la Escritura es muy clara en cuanto a que la elecci\u00f3n no fue motivada por nada que estuviera en los elegidos, sino que fue exclusivamente por la soberana voluntad de Dios.<\/p>\n<p>Desde el punto de vista de Dios no hay diferencia alguna entre los elegidos y los no elegidos: todos somos igualmente pecadores y merecedores de eterna condenaci\u00f3n.<\/p>\n<p>La raz\u00f3n de por qu\u00e9 Dios decidi\u00f3 salvar a algunos y no a otros est\u00e1 s\u00f3lo en \u00e9l y completamente fuera de nuestra raz\u00f3n y conocimiento. Lo creemos \u00fanicamente porque Dios nos lo ha dado a conocer en su Palabra.<\/p>\n<p>En cuanto a que predestin\u00f3 a los que antes conoci\u00f3, se refiere a que \u00e9l sab\u00eda perfectamente bien las personas que existir\u00edan.<\/p>\n<p>Esto es lo que significa la elecci\u00f3n incondicional, elecci\u00f3n debida s\u00f3lo a la soberana voluntad de Dios y no a nada que est\u00e9 o pertenezca a nosotros los elegidos.<\/p>\n<h4>4. Gracia irresistible.<\/h4>\n<p>A los que eligi\u00f3, Dios les muestra y ejerce a favor de ellos, una buena voluntad, un favor, completamente inmerecido. Por esa gracia los elegidos siempre se arrepentir\u00e1n y creer\u00e1n al evangelio.<\/p>\n<p>No significa que en cuanto Dios les da a conocer el evangelio por cualquier medio y los llama a arrepentirse y creer, lo har\u00e1n de inmediato y sin poder resistirse, sino que en alg\u00fan momento de su vida lo har\u00e1n sin falta.<\/p>\n<p>Esta no es una imposici\u00f3n forzosa sobre el elegido, sino el resultado de una decisi\u00f3n suya, posible s\u00f3lo por regeneraci\u00f3n que obra el Esp\u00edritu Santo en los elegidos.<\/p>\n<p>Como ellos, igual que los no elegidos, est\u00e1n muertos espiritualmente, no pueden responder al llamado del amor de Dios, sino porque el Esp\u00edritu Santo implanta en ellos una nueva vida, una vida espiritual que les permite entender el evangelio, apreciarlo, creerlo y aceptarlo para s\u00ed mismos.<\/p>\n<p>No es una decisi\u00f3n forzada, pero Dios obra en la voluntad de los elegidos para que quieran creer y esto nunca dejar\u00e1 de ocurrir, por eso la gracia es irresistible, no porque Dios obligue a creer a los elegidos.<\/p>\n<h4>5. Perseverancia de los santos.<\/h4>\n<p>De todo lo anterior es evidente que los elegidos, una vez salvados, seguir\u00e1n fieles hasta el fin.<\/p>\n<p>Sin embargo, no significa que no puedan extraviar temporalmente el camino, a veces por un tiempo prolongado. Pero siempre se arrepentir\u00e1n y se volver\u00e1n al Se\u00f1or antes de morir.<\/p>\n<p>En realidad todos nosotros pecamos continuamente y mientras permanezcamos en pecado estamos en malas relaciones con nuestro Dios y Salvador. Pero, si somos elegidos, continuamente tambi\u00e9n nos arrepentimos, confesamos a Dios nuestro pecado, \u00e9l nos perdona por los m\u00e9ritos infinitos de Cristo y nosotros confiamos completamente que ese pecado est\u00e1 cubierto ante los ojos de Dios por la preciosa sangre de nuestro Se\u00f1or.<\/p>\n<p>Consideremos ahora el punto 3,<\/p>\n<h4>3. Expiaci\u00f3n limitada.<\/h4>\n<p>Primeramente \u00bfPor qu\u00e9 darle tanta importancia o \u00e9nfasis a esto?<\/p>\n<p>No lo har\u00edamos, y verdaderamente no lo hac\u00edamos hasta hace unos tres o cuatro a\u00f1os, cuando algunos j\u00f3venes comenzaron a darle una desmesurada y desequilibrada importancia y a obtener conclusiones completamente injustificadas a la luz de la Biblia.<\/p>\n<p>Es semejante a lo que ocurre con los inmersionistas. Si no fuera por su insistencia en la forma del bautismo y su descalificaci\u00f3n de los que no aceptamos su interpretaci\u00f3n, escasamente nos referir\u00edamos a un asunto muy secundario. Pero su actitud intolerante y a menudo perturbadora para nuestros hermanos sencillos nos obliga a poner \u00e9nfasis en lo que sinceramente creemos que es la ense\u00f1anza b\u00edblica sobre ese asunto.<\/p>\n<p>Dicho con sencillez, este punto significa que Cristo expi\u00f3 s\u00f3lo los pecados de los elegidos y de nadie m\u00e1s.<\/p>\n<p>De este modo implica claramente que por los pecados de los no elegidos no se ha hecho provisi\u00f3n alguna.<\/p>\n<p>Nuestra denominaci\u00f3n cree, y as\u00ed lo ha sostenido desde el principio, que, por el contrario, Dios provey\u00f3 por los pecados de todos los seres humanos, por lo cual la expiaci\u00f3n los incluy\u00f3 a todos.<\/p>\n<p>Dicho as\u00ed parecen dos puntos de vista, completamente incompatibles. Pero no es as\u00ed.<\/p>\n<p>La aparente incompatibilidad se produce cuando los que sostienen la llamada \u201cexpiaci\u00f3n limitada\u201d dicen que los que sostienen la expiaci\u00f3n ilimitada creemos que el prop\u00f3sito de la expiaci\u00f3n era salvar a todos los seres humanos, prop\u00f3sito que se habr\u00eda frustrado.<\/p>\n<p>Por supuesto que no creemos de modo alguno que el prop\u00f3sito de la expiaci\u00f3n haya sido salvar a todos los seres humanos, ni que al fin todos se salvar\u00e1n o que la salvaci\u00f3n dependa de una decisi\u00f3n de la voluntad humana natural, por m\u00e1s que sea auxiliada por el Esp\u00edritu Santo.<\/p>\n<p>Tanto unos como otros creemos que Dios eligi\u00f3 a los que quer\u00eda que se salvaran y que los no elegidos se perder\u00e1n.<\/p>\n<p>Tambi\u00e9n todos creemos que los elegidos se salvar\u00e1n porque Cristo respondi\u00f3 por ellos ante la perfecta justicia de Dios, mediante su perfecto cumplimiento de la ley y su sangre derramada en la cruz.<\/p>\n<p>Sin duda que el prop\u00f3sito de Dios era salvar a todos los elegidos y s\u00f3lo a ellos, prop\u00f3sito que se cumplir\u00e1 completamente, porque ning\u00fan prop\u00f3sito de Dios puede frustrarse. En todo esto no hay diferencia de opini\u00f3n.<\/p>\n<p>Pero s\u00ed hay diferencia cuando sostenemos que la elecci\u00f3n no salva autom\u00e1ticamente a los predestinados para salvaci\u00f3n.<\/p>\n<p>Sostenemos que para que la elecci\u00f3n sea efectiva para los escogidos estos tienen que cumplir una condici\u00f3n, que es arrepentirse y creer, pero como el ser humano en su estado natural no lo har\u00e1 nunca, Dios obra en sus elegidos, por su Esp\u00edritu Santo, regener\u00e1ndolos. Con esa vida espiritual impartida divinamente, el elegido quiere arrepentirse y creer. No es obligado a hacerlo, pero Dios obra en su voluntad para que quiera cumplir la condici\u00f3n.<\/p>\n<p>Si no fuera as\u00ed, no ser\u00eda necesario el llamado interno del Se\u00f1or y \u00e9l llevar\u00eda al cielo a los elegidos simplemente por ser elegidos, aunque nada hicieran, ni a\u00fan arrepentirse y creer.<\/p>\n<p>Todos los que creemos que la Biblia es divinamente inspirada sabemos que hay un llamado a los elegidos para convertirse y que esto significa que tiene que haber una acto de su voluntad para ser salvos. Este acto es del pecador elegido regenerado. Por eso somos llamados a predicar el evangelio y a invitar a los pecadores a convertirse.<\/p>\n<p>La objeci\u00f3n m\u00e1s importante que les formulamos a los que creen crudamente en la expiaci\u00f3n limitada es c\u00f3mo se puede explicar que Dios dirija un llamamiento de buena fe a los no elegidos para que vengan a Cristo, si nada ha provisto para sus pecados. No se puede negar b\u00edblicamente que Dios hace este llamado.<\/p>\n<p>Destacados te\u00f3logos calvinistas, como Calvino, Hodge, Berkhof y Boettner, enfrentan esto aceptando que la expiaci\u00f3n de Cristo es suficiente para todos los seres humanos, pero eficaz s\u00f3lo para los elegidos. Con esto estamos completamente de acuerdo los que creemos en la expiaci\u00f3n ilimitada.<\/p>\n<ul>\n<li>Calvino sostiene esto a la letra y afirma que es una respuesta dada desde antes de \u00e9l por las escuelas de teolog\u00eda.<\/li>\n<li>Berkhof lo dice tambi\u00e9n a la letra dos veces o m\u00e1s, y est\u00e1 de acuerdo con esto.<\/li>\n<li>Hodge no lo dice a la letra, pero sostiene lo mismo en un p\u00e1rrafo extenso.<\/li>\n<li>Boettner tambi\u00e9n hace lo mismo. Pero ninguno, salvo Boettner, explica en qu\u00e9 sentido la expiaci\u00f3n es suficiente para todos los seres humanos.<\/li>\n<\/ul>\n<p>Boettner, en su libro \u201cLa Predestinaci\u00f3n\u201d, explica luminosamente todo esto y los que sostenemos la expiaci\u00f3n ilimitada podemos suscribir sinceramente y de buena gana sus afirmaciones.<\/p>\n<p>Primeramente la debilidad de la posici\u00f3n de la cruda creencia en la expiaci\u00f3n limitada queda manifestada por el hecho de que empieza el cap\u00edtulo sobre ella diciendo que ser\u00eda m\u00e1s correcto decir \u201credenci\u00f3n limitada\u201d, que \u201cexpiaci\u00f3n limitada\u201d.<\/p>\n<p>Su explicaci\u00f3n acerca de la raz\u00f3n por qu\u00e9 la expiaci\u00f3n de Cristo es suficiente para todos es que \u201cEsta doctrina (la de la expiaci\u00f3n limitada) no significa que se puede limitar el valor, o el poder de la expiaci\u00f3n que Cristo hizo. \u201cEl valor de la expiaci\u00f3n depende de y es medido por la dignidad de la persona que la hizo y dado que Cristo sufri\u00f3 como una persona divina-humana, el valor de su sufrimiento es infinito\u2026. La expiaci\u00f3n, por tanto, es infinitamente meritoria y hubiera podido salvar a cada miembro de la raza humana, si esa hubiera sido la voluntad de Dios\u201d.<\/p>\n<p>Algo m\u00e1s adelante dice: \u201cCreemos que aun si much\u00edsimos menos hubiesen de ser perdonados y salvados, una expiaci\u00f3n de valor infinito hubiese sido necesaria a fin de haberles asegurado \u00e9stas bendiciones y aunque muchos m\u00e1s o aun todos los hombres hubiesen de ser perdonados o salvados, el sacrificio de Cristo hubiese sido ampliamente suficiente como la base de la salvaci\u00f3n de \u00e9stos\u201d.<\/p>\n<p>Ahora bien, que esa expiaci\u00f3n es limitada significa que el prop\u00f3sito de Dios y la aplicaci\u00f3n efectiva de ella s\u00f3lo beneficia a los elegidos.<\/p>\n<p>Con esto, que la expiaci\u00f3n es suficiente para todos y eficaz s\u00f3lo para los elegidos, estamos completamente de acuerdo los que sostenemos la expiaci\u00f3n ilimitada y debemos ser cuidadosos para no sostenerla de otra manera.<\/p>\n<p>De la cruda aceptaci\u00f3n de la expiaci\u00f3n limitada, que algunos de los j\u00f3venes han estado agitando, sea por s\u00ed mismos o m\u00e1s probablemente tom\u00e1ndolo de otros, obtienen la conclusi\u00f3n de que Dios odia a los no elegidos y ama s\u00f3lo a los elegidos.<\/p>\n<p>Si esto no se deja muy claro, es completamente falso y presenta a un Dios que est\u00e1 muy lejos del que se revela a nosotros en su palabra.<\/p>\n<p>Para no extenderme m\u00e1s citar\u00e9 s\u00f3lo G\u00e9nesis 18:26 <em>\u201cEntonces respondi\u00f3 Jehov\u00e1: si hallare en Sodoma cincuenta justos dentro de la ciudad perdonar\u00e9 a todo \u00e9ste lugar por AMOR de ellos.\u201d<\/em> No puede caber duda de que \u00e9sta justicia de los cincuenta no pod\u00eda ser sino muy relativa, pero con todo Dios les amar\u00eda, si hubieran estado presentes. Sin duda no habr\u00edan sido salvos ni elegidos. M\u00e1s terminante es <a href=\"https:\/\/www.biblegateway.com\/passage\/?search=Jon%C3%A1s+4%3A11&amp;version=RVA\">Jon\u00e1s 4:11<\/a>.<\/p>\n<p>Adem\u00e1s, uno de los perfectos atributos de Dios es el amor, pero esto no impide que ejerza tambi\u00e9n su perfecta justicia.<\/p>\n<p>De un modo incomprensible e imposible para nosotros, Dios ama y, al mismo tiempo, aborrece. Ama a todas las criaturas que le deben su existencia. Es inconcebible que haya creado seres humanos para odiarlos. Pero al mismo tiempo odia el pecado. Como los pecados no son algo abstracto, que flote en el aire, sino que es cometido por seres humanos concretos, de carne y hueso, la justa ira de Dios por el pecado recae sobre los seres humanos pecadores. S\u00f3lo en este sentido podemos decir que Dios odia a los pecadores.<\/p>\n<p>Esto es lo que quiere decir la resoluci\u00f3n de Octubre de 2009 de nuestro Presbiterio, que dice: \u201cDios ama al pecador, pero aborrece su pecado\u201d.<\/p>\n<p>Otra conclusi\u00f3n b\u00edblicamente injustificada de los que sostienen crudamente la expiaci\u00f3n limitada es que no debe hacerse llamado a los pecadores para que vengan a Cristo y se conviertan.<\/p>\n<p>La Biblia nos mand\u00f3 a hacerlo abrumadoramente y todos los grandes expositores de la expiaci\u00f3n limitada, que la entienden correctamente, sostienen fuertemente que debemos hacerlo (los C\u00e1nones de Dort, Berkhof, Hodge).<\/p>\n<p>Este error proviene del temor de que se deje alg\u00fan resquicio al ser humano para que se salve por s\u00ed mismo, por sus propios m\u00e9ritos, aunque sea con el auxilio del Esp\u00edritu Santo.<\/p>\n<p>Sostenemos que los elegidos llamados a convertirse ejercen una acci\u00f3n de su voluntad regenerada y deciden convertirse.<\/p>\n<p>Los no elegidos son llamados igualmente a convertirse, pero su voluntad natural (que tienen como seres humanos, porque en caso contrario no lo ser\u00edan) dejada a s\u00ed misma rechaza el llamado, como dice Juan 3:19 \u201cY<em> \u00e9sta es la condenaci\u00f3n porque la luz vino al mundo y los hombres amaron m\u00e1s las tinieblas que la luz, porque sus obras eran malas\u201d<\/em>.<\/p>\n<p>Desde el punto de vista de Dios, no se convierten porque no son elegidos.<\/p>\n<p>Desde el punto de vista del hombre, se pierden porque aman las tinieblas y sus obras son malas.<\/p>\n<p>\u00c9stas son acciones humanas. No se pierden autom\u00e1ticamente por no haber sido elegidos.<\/p>\n<p>Tanto en los elegidos como en los no elegidos hay una decisi\u00f3n humana, debido a que la elecci\u00f3n incluye la condici\u00f3n de convertirse.<\/p>\n<p>En los elegidos la regeneraci\u00f3n les permite querer y decidir arrepentirse y creer.<\/p>\n<p>En los no elegidos, su voluntad natural espiritualmente depravada, les hace no querer y decidir rechazar el evangelio.<\/p>\n<p>Quiera el Se\u00f1or que todos comprendamos que estrictamente, no hay diferencia entre los que en forma adecuada sostienen la expiaci\u00f3n limitada y los que sostenemos la expiaci\u00f3n ilimitada.<\/p>\n<p>Todos creemos que esa expiaci\u00f3n se aplica s\u00f3lo a los elegidos.<\/p>\n<p>Si alcanza tambi\u00e9n a los no elegidos, aunque sin el prop\u00f3sito de salvarlos, no afecta nuestra salvaci\u00f3n y elecci\u00f3n ni nuestra responsabilidad de predicar el evangelio a toda criatura y esto es lo que importa.<\/p>\n<p>Unos y otros tenemos que estar bien seguros de que estamos entre los elegidos por la sola gracia de Dios y que eso se ha manifestado en nosotros por nuestra sincera conversi\u00f3n, conforme a la palabra de Dios y que tenemos el testimonio interno del Esp\u00edritu Santo de que somos hijos de Dios y unos y otros debemos obedecer el mandato de nuestro Se\u00f1or de ir por todo el mundo, predicando el evangelio a toda criatura.<\/p>\n<p>Si los que se pierden lo son porque Dios nada ha provisto para ellos o porque rechazan el valor infinito de la expiaci\u00f3n de Cristo es asunto de Dios, no de nosotros. \u00bfPor qu\u00e9 entonces perturbar con esto la paz de la iglesia, airarse y actuar irrespetuosamente con aquellos que el Se\u00f1or ha levantado para presidir su iglesia fiel?<\/p>\n<p>\u00bfEs b\u00edblica la posici\u00f3n de nuestra denominaci\u00f3n en cuanto a esta doctrina?<\/p>\n<p>Hay pasajes que se presentan a favor de la expiaci\u00f3n limitada que solo agreg\u00e1ndole a la Biblia o retorciendo su claro y directo sentido se les puede atribuir ese significado.<\/p>\n<p>Entre muchos de ellos est\u00e1 el m\u00e1s conocido de todos: \u201c<em>Porque de tal manera am\u00f3 Dios al mundo, que ha dado a su Hijo unig\u00e9nito, para que todo aquel que en \u00e9l cree no se pierda, m\u00e1s tenga vida eterna\u201d<\/em>, al cual se le agrega: \u201cam\u00f3 Dios al mundo (de los elegidos)\u201d.<\/p>\n<p>El contexto se refiere tanto a todos los seres humanos, como s\u00f3lo a los elegidos, por lo cual no se puede alegar ese contexto para interpretar as\u00ed la palabra \u201cmundo\u201d, lo que s\u00ed ocurre en otros casos.<\/p>\n<p>Pero hay pasajes numerosos que efectivamente ense\u00f1an lo que impropiamente se puede llamar expiaci\u00f3n limitada.<\/p>\n<p>Hay tambi\u00e9n pasajes numerosos que claramente ense\u00f1an lo que podr\u00eda llamarse expiaci\u00f3n ilimitada.<\/p>\n<p>\u00bfC\u00f3mo explicar esto?<\/p>\n<p>Muy sencillamente. Los que se alegan a favor de la expiaci\u00f3n limitada se refieren a su aplicaci\u00f3n o eficacia efectiva, es decir, la expiaci\u00f3n, o mejor, redenci\u00f3n eficaz, mientras que los que favorecen una expiaci\u00f3n ilimitada se refieren a su suficiencia para todos, es decir, al valor infinito de la expiaci\u00f3n obrada por Cristo.<\/p>\n<p>Reconociendo esto todos estar\u00edamos de acuerdo y tendr\u00edamos que ser cuidadosos para que cuando este asunto se presente a creyentes seamos claros y precisos para hacerlo desde el punto de vista de que la expiaci\u00f3n de Cristo es suficiente para todos, pero eficaz s\u00f3lo para los elegidos, lo cual deja a salvo su valor infinito y el amor de Dios, pero no nulifica su justicia ni soberan\u00eda.<\/p>\n<p>1) Todos los pasajes que los que sostienen la \u201cexpiaci\u00f3n\u201d limitada presentan a favor de su posici\u00f3n se refieren a la redenci\u00f3n limitada, en que todos estamos de acuerdo: se salvar\u00e1n efectivamente s\u00f3lo los elegidos.<\/p>\n<p>Todos ellos, por la exclusiva gracia de Dios, cumplir\u00e1n la condici\u00f3n indispensable para salvarse de arrepentirse y creer (convertirse).<\/p>\n<p>Esto es la eficacia de la expiaci\u00f3n de Cristo.<\/p>\n<p>Algunos ejemplos de estos pasajes: <a href=\"https:\/\/www.biblegateway.com\/passage\/?search=Juan+17%3A9%3B+6%3A37%2C+44&amp;version=RVA\">Juan 17:9; 6:37, 44<\/a>; <a href=\"https:\/\/www.biblegateway.com\/passage\/?search=Efesios+5%3A25%3B&amp;version=RVA\">Efes. 5:25<\/a>; etc. Observe <a href=\"https:\/\/www.biblegateway.com\/passage\/?search=Juan+17%3A8%3B+6%3A37&amp;version=RVA\">Juan 17:8; 6:37<\/a>: Los elegidos tienen que creer o venir.<\/p>\n<p>2) Los pasajes que se refieren a que Cristo muri\u00f3 por todo el mundo deben entenderse en el sentido de que la expiaci\u00f3n de Cristo es suficiente para todos, es decir que por ser Dios y hombre su expiaci\u00f3n tiene un valor infinito, suficiente para salvar a todos los seres humanos, si Dios lo hubiera querido.<\/p>\n<p>Si los no elegidos quisieran, podr\u00edan arrepentirse y creer usando su voluntad natural, que por ser personas conservan.<\/p>\n<p>En tal caso la expiaci\u00f3n de Cristo ser\u00eda suficiente para salvarlos, pero NUNCA QUIEREN, aunque entiendan el evangelio y tengan evidencia de su poder y efectos ben\u00e9ficos.<\/p>\n<p>N\u00f3tese que no quieren porque aman su pecado y est\u00e1n decididos a continuar en \u00e9l: <a href=\"https:\/\/www.biblegateway.com\/passage\/?search=Juan+3%3A19-20&amp;version=RVA\">Juan 3:19-20<\/a><\/p>\n<p>Entre estos pasajes:<\/p>\n<ul>\n<li><a href=\"https:\/\/www.biblegateway.com\/passage\/?search=2+Pedro+2%3A1&amp;version=RVA\">II Pedro 2:1 <\/a>(el rescate fue pagado, pero no beneficia a los que lo rechazan).<\/li>\n<li><a href=\"https:\/\/www.biblegateway.com\/passage\/?search=1+Juan+2%3A2&amp;version=RVA\">I Juan 2:2<\/a> (el mundo se refiere a todos, no algunos: I Juan 5:19).<\/li>\n<li><a href=\"https:\/\/www.biblegateway.com\/passage\/?search=1+Timoteo+2%3A4-6%3B+4%3A10&amp;version=RVA\">I Timoteo 2:4-6; 4:10<\/a> (4:10 es claro sobre suficiencia y eficacia de la expiaci\u00f3n).<\/li>\n<li><a href=\"https:\/\/www.biblegateway.com\/passage\/?search=Hebreos+2%3A9-10&amp;version=RVA\">Hebreos 2:9<\/a> (el vers. 10 muestra otra vez la eficacia, el 9 la suficiencia).<\/li>\n<li><a href=\"https:\/\/www.biblegateway.com\/passage\/?search=Juan+3%3A16&amp;version=RVA\">Juan 3:16<\/a> (el contexto se refiere tanto a perdidos como elegidos. Limitar \u201cmundo\u201d aqu\u00ed es claramente agregarle a la Biblia).<\/li>\n<li><a href=\"https:\/\/www.biblegateway.com\/passage\/?search=Hechos+17%3A30&amp;version=RVA\">Hech. 17:30<\/a> (idem.)<\/li>\n<li><a href=\"https:\/\/www.biblegateway.com\/passage\/?search=Mateo+11%3A28&amp;version=RVA\">Mateo 11:28<\/a> (todos son invitados, pero para que la oferta sea eficaz, tiene que venir)<\/li>\n<li>Hay m\u00e1s pasajes de esta \u00faltima clase: <a href=\"https:\/\/www.biblegateway.com\/passage\/?search=Tito+2%3A11%3B&amp;version=RVA\">Tito 2:11;<\/a> Rom. 5:18; etc.<\/li>\n<\/ul>\n<p>En todos hay tener presente, que expiar, propiciar, redimir, salvar no significan que efectivamente todos sean salvos.<\/p>\n<p>Est\u00e1 cumplida la condici\u00f3n para serlo: un sacrificio perfecto y completo por todos. Pero los que reh\u00fasan aceptarlo o lo rechazan por su incredulidad o amor al pecado no reciben sus beneficios y eso es lo que hacen los no elegidos.<\/p>\n<p>Lo m\u00e1s importante: Cuando tengamos que dar cuenta de hasta qu\u00e9 punto obedecimos al Se\u00f1or en todo; demostrando as\u00ed nuestro amor a \u00e9l, ser\u00e1 completamente irrelevante si cre\u00edmos en la expiaci\u00f3n limitada o ilimitada.<\/p>\n<p>Pero ser\u00eda una enorme falta de tino e inteligencia mencionar a los perdidos este tema, que el diablo podr\u00eda usar para disuadir durante un tiempo, a veces mucho tiempo, a un elegido para que se convirtiera o, lo que es lo mismo, viniera a Cristo. Esto ser\u00eda lo mismo que decirle que si son predestinados se salvar\u00e1n.<\/p>\n<p>El Se\u00f1or no nos env\u00eda a predicar esas verdades sino el evangelio, con una ardiente invitaci\u00f3n para que los perdidos vengan a Cristo y se salven. Los elegidos y predestinados en ese momento o despu\u00e9s se convertir\u00e1n; los otros no se convertir\u00e1n de ninguna manera, pero se ver\u00e1n obligados alg\u00fan d\u00eda a reconocer que rechazaron el inmenso amor de Dios y que por eso su condenaci\u00f3n eterna es completamente justa. Pero eso s\u00f3lo lo sabe el Se\u00f1or. Nuestra responsabilidad es predicarles a todos.<\/p>\n<p>&nbsp;<\/p>\n<p>Por \u00faltimo, y aunque no se relaciona directamente con los cinco puntos del calvinismo, tengo que referirme a otros aspectos de la posici\u00f3n de nuestra denominaci\u00f3n que han sido o est\u00e1n siendo usados por algunos para perturbarla.<\/p>\n<p>Lo primero es <strong>nuestro concepto de las \u00faltimas cosas<\/strong> (la escatolog\u00eda).<\/p>\n<p>Algunos, a lo menos de los j\u00f3venes que he mencionado, han adoptado la posici\u00f3n de los reformadores holandeses, que niegan el arrebatamiento de la Iglesia, la tribulaci\u00f3n y el milenio, lo cual hacen interpretando en forma muy forzada e insatisfactoria una parte considerable de la Escritura, usando principalmente su espiritualizaci\u00f3n indiscriminadamente.<\/p>\n<p>Esto proviene de creer que sostener esos puntos de vista est\u00e1 determinado por un concepto dispensacionalista de la teolog\u00eda. Esto, debido a que much\u00edsimos de los actuales sostenedores de esta interpretaci\u00f3n escatol\u00f3gica son efectivamente dispensacionalistas.<\/p>\n<p>Pero esta interpretaci\u00f3n fue sostenida a lo menos tres siglos antes de que se desarrollara el dispensacionalismo.<\/p>\n<p>Nuestra denominaci\u00f3n acepta esa interpretaci\u00f3n escatol\u00f3gica, pero rechaza el dispensacionalismo. Por ahora no entrar\u00e9 en m\u00e1s detalles sobre esto.<\/p>\n<p>Algo muy llamativo es que <strong>las denominaciones reformadas<\/strong> y muchas presbiterianas, que se jactan de su pureza doctrinal, est\u00e1n activamente involucradas en el ecumenismo, una posici\u00f3n que no puede ser m\u00e1s claramente ap\u00f3stata. \u00bfC\u00f3mo pueden apoyar un movimiento que quiere qu\u00e9 nos unamos con Roma?<\/p>\n<p>Igualmente llamativo es que pr\u00e1cticamente todas, muy posiblemente todas, hayan adoptado una posici\u00f3n sobre lo que llaman falsamente \u201clibertad\u201d cristiana que es completa mundanalidad. Esto es m\u00e1s grave y contagioso que las desviaciones doctrinales te\u00f3ricas, por lo cual debo referirme a ello algo m\u00e1s extensamente.<\/p>\n<p>Sostienen que la abstenci\u00f3n de pr\u00e1cticas como el beber alcohol, fumar, bailar e ir al cine, y otras, es legalismo, es decir, un esfuerzo para justificarse por buenas obras, por cumplir la ley.<\/p>\n<p>Pasan completamente por alto 1\u00aa de Juan 2:15-17: \u201c<em>No am\u00e9is al mundo, ni las cosas que est\u00e1n en el mundo. Si alguno ama al mundo, el amor del Padre no est\u00e1 en \u00e9l. Porque todo lo que hay en el mundo, la concupiscencia de la carne y la concupiscencia de los ojos y la soberbia de la vida no es del Padre, m\u00e1s es del mundo. Y el mundo se pasa y su concupiscencia, mas el que hace la voluntad de Dios permanece para siempre<\/em>\u201d.<\/p>\n<p>Tambi\u00e9n:<\/p>\n<p><em>\u201cBueno es no comer carne, ni beber vino, ni nada en que tu hermano tropiece, o se ofenda, o sea debilitado<\/em>\u201d (Romanos 14:21).<\/p>\n<p>Indudablemente algunos pueden abstenerse de estas pr\u00e1cticas formalmente, farisaicamente. Pero si el coraz\u00f3n es puro y recto para con Dios de ese coraz\u00f3n nacer\u00e1n estas conductas.<\/p>\n<p>Si alguien pr\u00e1ctica estas cosas no puede tener un coraz\u00f3n recto para con Dios, porque no puede caber duda que estas pr\u00e1cticas corresponden a las concupiscencias de los ojos y de la carne, que la Biblia dice que es lo que est\u00e1 en el mundo. Beber alcohol, fumar y bailar son concupiscencias de la carne.<\/p>\n<p>Se justifica el beber alcohol diciendo que Jes\u00fas beb\u00eda y que no se proh\u00edbe en la Biblia. S\u00ed, pero no beber se presenta como un dechado en la figura de los nazarenos, en el pasaje de Romanos 14:21, que cit\u00e9, y en otros pasajes. Adem\u00e1s existe una enorme diferencia entre el vino con baja graduaci\u00f3n alcoh\u00f3lica y mezclado con agua y los licores de elevada graduaci\u00f3n alcoh\u00f3lica que ahora se usan. Hay que agregar que entre los jud\u00edos y en tiempos de Jes\u00fas, entre ellos no exist\u00eda el problema que el alcoholismo plantea en nuestro tiempo, cuando es una calamidad catastr\u00f3fica.<\/p>\n<p>\u00bfCu\u00e1l es el l\u00edmite entre lo moderado y lo inmoderado, si basta medio vaso de vino para que el Reglamento del Tr\u00e1nsito le proh\u00edba a un chofer conducir un veh\u00edculo motorizado? \u00bfEst\u00e1 borracha tal persona?<\/p>\n<p>\u00bfC\u00f3mo no ser\u00e1 del mundo bailar si todos reconocen que produce excitaci\u00f3n sexual? \u00bfCu\u00e1l es el ejemplo que da un cristiano que baila?<\/p>\n<p>\u00bfDefender\u00e1n tambi\u00e9n como l\u00edcito decir obscenidades (garabatos) como lo hacen los mundanos, porque lo dicen a menudo sin \u00e1nimo de ofender?<\/p>\n<p>Mirar espect\u00e1culos inmorales en el cine, la televisi\u00f3n o cualquier otro medio o lugar \u00bfno es concupiscencia de los ojos? Y esto \u00bfno es del mundo? \u00bfCu\u00e1l es el ejemplo que dan estas personas a otras?<\/p>\n<p>Por supuesto que hay otras manifestaciones del mundo, pero esto no excluye las que he mencionado.<\/p>\n<p>A esta mundanalidad se agrega todav\u00eda otro ir cuesta abajo de los \u201creformados\u201d.<\/p>\n<p>Es su defensa, uso y justificaci\u00f3n de las versiones adulteradas de la Biblia. No entrar\u00e9 en detalles en esto, pero no les importa que quienes las han hecho sean ap\u00f3statas, liberales o modernistas y ecum\u00e9nicos. \u00bfPuede provenir una Biblia digna de confianza de manos tan impuras?<\/p>\n<p>Y \u201c\u00bfSi fueren destruidos los fundamentos, qu\u00e9 ha de hacer el justo?\u201d.<\/p>\n<p>&nbsp;<\/p>\n<p>NADIR CARRE\u00d1O MAUFRAS<\/p>\n<p>Pastor Iglesia Presbiteriana Fundamentalista Biblica \u201cSmirna\u201d<\/p>\n<p>&nbsp;<\/p>\n","protected":false},"excerpt":{"rendered":"<p>Posici\u00f3n doctrinal de nuestra Iglesia Reuni\u00f3n de dirigentes de las iglesias Septiembre 2007 Esta reuni\u00f3n no tiene por objeto abrir un debate sobre los cinco puntos del calvinismo, sino informar sobre la posici\u00f3n doctrinal de nuestra denominaci\u00f3n respecto a esto y exponer su fundamento b\u00edblico. Si alguno tiene una pregunta sobre algo que no entendi\u00f3, [&hellip;]<\/p>\n","protected":false},"author":1,"featured_media":0,"comment_status":"closed","ping_status":"open","sticky":false,"template":"","format":"standard","meta":{"_monsterinsights_skip_tracking":false,"_monsterinsights_sitenote_active":false,"_monsterinsights_sitenote_note":"","_monsterinsights_sitenote_category":0,"__cvm_playback_settings":[],"__cvm_video_id":"","footnotes":""},"categories":[11],"tags":[],"class_list":["post-2248","post","type-post","status-publish","format-standard","hentry","category-mensajes"],"yoast_head":"<!-- This site is optimized with the Yoast SEO plugin v27.5 - https:\/\/yoast.com\/product\/yoast-seo-wordpress\/ -->\n<title>Posici\u00f3n doctrinal de nuestra Iglesia - Iglesia Smirna<\/title>\n<meta name=\"description\" content=\"Posici\u00f3n doctrinal de nuestra Iglesia. En respuesta a algunas controversias surgidas en 2007, el pastor Nadir Carre\u00f1o resume nuestra posici\u00f3n doctrinal\" \/>\n<meta name=\"robots\" content=\"index, follow, max-snippet:-1, max-image-preview:large, max-video-preview:-1\" \/>\n<link rel=\"canonical\" href=\"https:\/\/smirna.cl\/wordpress\/posicion-doctrinal-de-nuestra-iglesia\/\" \/>\n<meta property=\"og:locale\" content=\"es_ES\" \/>\n<meta property=\"og:type\" content=\"article\" \/>\n<meta property=\"og:title\" content=\"Posici\u00f3n doctrinal de nuestra Iglesia - Iglesia Smirna\" \/>\n<meta property=\"og:description\" content=\"Posici\u00f3n doctrinal de nuestra Iglesia. En respuesta a algunas controversias surgidas en 2007, el pastor Nadir Carre\u00f1o resume nuestra posici\u00f3n doctrinal\" \/>\n<meta property=\"og:url\" content=\"https:\/\/smirna.cl\/wordpress\/posicion-doctrinal-de-nuestra-iglesia\/\" \/>\n<meta property=\"og:site_name\" content=\"Iglesia Smirna\" \/>\n<meta property=\"article:publisher\" content=\"http:\/\/www.facebook.com\/iglesiasmirna\/\" \/>\n<meta property=\"article:published_time\" content=\"2020-05-22T02:20:11+00:00\" \/>\n<meta property=\"article:modified_time\" content=\"2020-05-22T02:24:33+00:00\" \/>\n<meta property=\"og:image\" content=\"https:\/\/smirna.cl\/wordpress\/wp-content\/uploads\/2017\/11\/logo-1.jpg\" \/>\n\t<meta property=\"og:image:width\" content=\"65\" \/>\n\t<meta property=\"og:image:height\" content=\"72\" \/>\n\t<meta property=\"og:image:type\" content=\"image\/jpeg\" \/>\n<meta name=\"author\" content=\"Webmaster\" \/>\n<meta name=\"twitter:label1\" content=\"Escrito por\" \/>\n\t<meta name=\"twitter:data1\" content=\"Webmaster\" \/>\n\t<meta name=\"twitter:label2\" content=\"Tiempo de lectura\" \/>\n\t<meta name=\"twitter:data2\" content=\"25 minutos\" \/>\n<script type=\"application\/ld+json\" class=\"yoast-schema-graph\">{\"@context\":\"https:\\\/\\\/schema.org\",\"@graph\":[{\"@type\":\"Article\",\"@id\":\"https:\\\/\\\/smirna.cl\\\/wordpress\\\/posicion-doctrinal-de-nuestra-iglesia\\\/#article\",\"isPartOf\":{\"@id\":\"https:\\\/\\\/smirna.cl\\\/wordpress\\\/posicion-doctrinal-de-nuestra-iglesia\\\/\"},\"author\":{\"name\":\"Webmaster\",\"@id\":\"https:\\\/\\\/smirna.cl\\\/wordpress\\\/#\\\/schema\\\/person\\\/0e901c14ef2d450c76b6c9af2c11feab\"},\"headline\":\"Posici\u00f3n doctrinal de nuestra Iglesia\",\"datePublished\":\"2020-05-22T02:20:11+00:00\",\"dateModified\":\"2020-05-22T02:24:33+00:00\",\"mainEntityOfPage\":{\"@id\":\"https:\\\/\\\/smirna.cl\\\/wordpress\\\/posicion-doctrinal-de-nuestra-iglesia\\\/\"},\"wordCount\":5059,\"publisher\":{\"@id\":\"https:\\\/\\\/smirna.cl\\\/wordpress\\\/#organization\"},\"articleSection\":[\"Mensajes\"],\"inLanguage\":\"es\"},{\"@type\":\"WebPage\",\"@id\":\"https:\\\/\\\/smirna.cl\\\/wordpress\\\/posicion-doctrinal-de-nuestra-iglesia\\\/\",\"url\":\"https:\\\/\\\/smirna.cl\\\/wordpress\\\/posicion-doctrinal-de-nuestra-iglesia\\\/\",\"name\":\"Posici\u00f3n doctrinal de nuestra Iglesia - Iglesia Smirna\",\"isPartOf\":{\"@id\":\"https:\\\/\\\/smirna.cl\\\/wordpress\\\/#website\"},\"datePublished\":\"2020-05-22T02:20:11+00:00\",\"dateModified\":\"2020-05-22T02:24:33+00:00\",\"description\":\"Posici\u00f3n doctrinal de nuestra Iglesia. En respuesta a algunas controversias surgidas en 2007, el pastor Nadir Carre\u00f1o resume nuestra posici\u00f3n doctrinal\",\"breadcrumb\":{\"@id\":\"https:\\\/\\\/smirna.cl\\\/wordpress\\\/posicion-doctrinal-de-nuestra-iglesia\\\/#breadcrumb\"},\"inLanguage\":\"es\",\"potentialAction\":[{\"@type\":\"ReadAction\",\"target\":[\"https:\\\/\\\/smirna.cl\\\/wordpress\\\/posicion-doctrinal-de-nuestra-iglesia\\\/\"]}]},{\"@type\":\"BreadcrumbList\",\"@id\":\"https:\\\/\\\/smirna.cl\\\/wordpress\\\/posicion-doctrinal-de-nuestra-iglesia\\\/#breadcrumb\",\"itemListElement\":[{\"@type\":\"ListItem\",\"position\":1,\"name\":\"Home\",\"item\":\"https:\\\/\\\/smirna.cl\\\/wordpress\\\/\"},{\"@type\":\"ListItem\",\"position\":2,\"name\":\"Posici\u00f3n doctrinal de nuestra Iglesia\"}]},{\"@type\":\"WebSite\",\"@id\":\"https:\\\/\\\/smirna.cl\\\/wordpress\\\/#website\",\"url\":\"https:\\\/\\\/smirna.cl\\\/wordpress\\\/\",\"name\":\"Iglesia Smirna\",\"description\":\"Iglesia Smirna\",\"publisher\":{\"@id\":\"https:\\\/\\\/smirna.cl\\\/wordpress\\\/#organization\"},\"potentialAction\":[{\"@type\":\"SearchAction\",\"target\":{\"@type\":\"EntryPoint\",\"urlTemplate\":\"https:\\\/\\\/smirna.cl\\\/wordpress\\\/?s={search_term_string}\"},\"query-input\":{\"@type\":\"PropertyValueSpecification\",\"valueRequired\":true,\"valueName\":\"search_term_string\"}}],\"inLanguage\":\"es\"},{\"@type\":\"Organization\",\"@id\":\"https:\\\/\\\/smirna.cl\\\/wordpress\\\/#organization\",\"name\":\"Iglesia Smirna\",\"url\":\"https:\\\/\\\/smirna.cl\\\/wordpress\\\/\",\"logo\":{\"@type\":\"ImageObject\",\"inLanguage\":\"es\",\"@id\":\"https:\\\/\\\/smirna.cl\\\/wordpress\\\/#\\\/schema\\\/logo\\\/image\\\/\",\"url\":\"http:\\\/\\\/smirna.cl\\\/wordpress\\\/wp-content\\\/uploads\\\/2017\\\/11\\\/logo-1.jpg\",\"contentUrl\":\"http:\\\/\\\/smirna.cl\\\/wordpress\\\/wp-content\\\/uploads\\\/2017\\\/11\\\/logo-1.jpg\",\"width\":65,\"height\":72,\"caption\":\"Iglesia Smirna\"},\"image\":{\"@id\":\"https:\\\/\\\/smirna.cl\\\/wordpress\\\/#\\\/schema\\\/logo\\\/image\\\/\"},\"sameAs\":[\"http:\\\/\\\/www.facebook.com\\\/iglesiasmirna\\\/\",\"https:\\\/\\\/www.youtube.com\\\/channel\\\/UCNLg72edfDxAGpMGOHgxXMA\"]},{\"@type\":\"Person\",\"@id\":\"https:\\\/\\\/smirna.cl\\\/wordpress\\\/#\\\/schema\\\/person\\\/0e901c14ef2d450c76b6c9af2c11feab\",\"name\":\"Webmaster\",\"image\":{\"@type\":\"ImageObject\",\"inLanguage\":\"es\",\"@id\":\"https:\\\/\\\/secure.gravatar.com\\\/avatar\\\/17bf4c70b739801d1a9c2708fe4074c5c7cfb6fb81af6bbfb877ce374a8c8514?s=96&d=mm&r=g\",\"url\":\"https:\\\/\\\/secure.gravatar.com\\\/avatar\\\/17bf4c70b739801d1a9c2708fe4074c5c7cfb6fb81af6bbfb877ce374a8c8514?s=96&d=mm&r=g\",\"contentUrl\":\"https:\\\/\\\/secure.gravatar.com\\\/avatar\\\/17bf4c70b739801d1a9c2708fe4074c5c7cfb6fb81af6bbfb877ce374a8c8514?s=96&d=mm&r=g\",\"caption\":\"Webmaster\"},\"url\":\"https:\\\/\\\/smirna.cl\\\/wordpress\\\/author\\\/jrm1hotmail-com\\\/\"}]}<\/script>\n<!-- \/ Yoast SEO plugin. -->","yoast_head_json":{"title":"Posici\u00f3n doctrinal de nuestra Iglesia - Iglesia Smirna","description":"Posici\u00f3n doctrinal de nuestra Iglesia. En respuesta a algunas controversias surgidas en 2007, el pastor Nadir Carre\u00f1o resume nuestra posici\u00f3n doctrinal","robots":{"index":"index","follow":"follow","max-snippet":"max-snippet:-1","max-image-preview":"max-image-preview:large","max-video-preview":"max-video-preview:-1"},"canonical":"https:\/\/smirna.cl\/wordpress\/posicion-doctrinal-de-nuestra-iglesia\/","og_locale":"es_ES","og_type":"article","og_title":"Posici\u00f3n doctrinal de nuestra Iglesia - Iglesia Smirna","og_description":"Posici\u00f3n doctrinal de nuestra Iglesia. En respuesta a algunas controversias surgidas en 2007, el pastor Nadir Carre\u00f1o resume nuestra posici\u00f3n doctrinal","og_url":"https:\/\/smirna.cl\/wordpress\/posicion-doctrinal-de-nuestra-iglesia\/","og_site_name":"Iglesia Smirna","article_publisher":"http:\/\/www.facebook.com\/iglesiasmirna\/","article_published_time":"2020-05-22T02:20:11+00:00","article_modified_time":"2020-05-22T02:24:33+00:00","og_image":[{"width":65,"height":72,"url":"https:\/\/smirna.cl\/wordpress\/wp-content\/uploads\/2017\/11\/logo-1.jpg","type":"image\/jpeg"}],"author":"Webmaster","twitter_misc":{"Escrito por":"Webmaster","Tiempo de lectura":"25 minutos"},"schema":{"@context":"https:\/\/schema.org","@graph":[{"@type":"Article","@id":"https:\/\/smirna.cl\/wordpress\/posicion-doctrinal-de-nuestra-iglesia\/#article","isPartOf":{"@id":"https:\/\/smirna.cl\/wordpress\/posicion-doctrinal-de-nuestra-iglesia\/"},"author":{"name":"Webmaster","@id":"https:\/\/smirna.cl\/wordpress\/#\/schema\/person\/0e901c14ef2d450c76b6c9af2c11feab"},"headline":"Posici\u00f3n doctrinal de nuestra Iglesia","datePublished":"2020-05-22T02:20:11+00:00","dateModified":"2020-05-22T02:24:33+00:00","mainEntityOfPage":{"@id":"https:\/\/smirna.cl\/wordpress\/posicion-doctrinal-de-nuestra-iglesia\/"},"wordCount":5059,"publisher":{"@id":"https:\/\/smirna.cl\/wordpress\/#organization"},"articleSection":["Mensajes"],"inLanguage":"es"},{"@type":"WebPage","@id":"https:\/\/smirna.cl\/wordpress\/posicion-doctrinal-de-nuestra-iglesia\/","url":"https:\/\/smirna.cl\/wordpress\/posicion-doctrinal-de-nuestra-iglesia\/","name":"Posici\u00f3n doctrinal de nuestra Iglesia - Iglesia Smirna","isPartOf":{"@id":"https:\/\/smirna.cl\/wordpress\/#website"},"datePublished":"2020-05-22T02:20:11+00:00","dateModified":"2020-05-22T02:24:33+00:00","description":"Posici\u00f3n doctrinal de nuestra Iglesia. En respuesta a algunas controversias surgidas en 2007, el pastor Nadir Carre\u00f1o resume nuestra posici\u00f3n doctrinal","breadcrumb":{"@id":"https:\/\/smirna.cl\/wordpress\/posicion-doctrinal-de-nuestra-iglesia\/#breadcrumb"},"inLanguage":"es","potentialAction":[{"@type":"ReadAction","target":["https:\/\/smirna.cl\/wordpress\/posicion-doctrinal-de-nuestra-iglesia\/"]}]},{"@type":"BreadcrumbList","@id":"https:\/\/smirna.cl\/wordpress\/posicion-doctrinal-de-nuestra-iglesia\/#breadcrumb","itemListElement":[{"@type":"ListItem","position":1,"name":"Home","item":"https:\/\/smirna.cl\/wordpress\/"},{"@type":"ListItem","position":2,"name":"Posici\u00f3n doctrinal de nuestra Iglesia"}]},{"@type":"WebSite","@id":"https:\/\/smirna.cl\/wordpress\/#website","url":"https:\/\/smirna.cl\/wordpress\/","name":"Iglesia Smirna","description":"Iglesia Smirna","publisher":{"@id":"https:\/\/smirna.cl\/wordpress\/#organization"},"potentialAction":[{"@type":"SearchAction","target":{"@type":"EntryPoint","urlTemplate":"https:\/\/smirna.cl\/wordpress\/?s={search_term_string}"},"query-input":{"@type":"PropertyValueSpecification","valueRequired":true,"valueName":"search_term_string"}}],"inLanguage":"es"},{"@type":"Organization","@id":"https:\/\/smirna.cl\/wordpress\/#organization","name":"Iglesia Smirna","url":"https:\/\/smirna.cl\/wordpress\/","logo":{"@type":"ImageObject","inLanguage":"es","@id":"https:\/\/smirna.cl\/wordpress\/#\/schema\/logo\/image\/","url":"http:\/\/smirna.cl\/wordpress\/wp-content\/uploads\/2017\/11\/logo-1.jpg","contentUrl":"http:\/\/smirna.cl\/wordpress\/wp-content\/uploads\/2017\/11\/logo-1.jpg","width":65,"height":72,"caption":"Iglesia Smirna"},"image":{"@id":"https:\/\/smirna.cl\/wordpress\/#\/schema\/logo\/image\/"},"sameAs":["http:\/\/www.facebook.com\/iglesiasmirna\/","https:\/\/www.youtube.com\/channel\/UCNLg72edfDxAGpMGOHgxXMA"]},{"@type":"Person","@id":"https:\/\/smirna.cl\/wordpress\/#\/schema\/person\/0e901c14ef2d450c76b6c9af2c11feab","name":"Webmaster","image":{"@type":"ImageObject","inLanguage":"es","@id":"https:\/\/secure.gravatar.com\/avatar\/17bf4c70b739801d1a9c2708fe4074c5c7cfb6fb81af6bbfb877ce374a8c8514?s=96&d=mm&r=g","url":"https:\/\/secure.gravatar.com\/avatar\/17bf4c70b739801d1a9c2708fe4074c5c7cfb6fb81af6bbfb877ce374a8c8514?s=96&d=mm&r=g","contentUrl":"https:\/\/secure.gravatar.com\/avatar\/17bf4c70b739801d1a9c2708fe4074c5c7cfb6fb81af6bbfb877ce374a8c8514?s=96&d=mm&r=g","caption":"Webmaster"},"url":"https:\/\/smirna.cl\/wordpress\/author\/jrm1hotmail-com\/"}]}},"_links":{"self":[{"href":"https:\/\/smirna.cl\/wordpress\/wp-json\/wp\/v2\/posts\/2248","targetHints":{"allow":["GET"]}}],"collection":[{"href":"https:\/\/smirna.cl\/wordpress\/wp-json\/wp\/v2\/posts"}],"about":[{"href":"https:\/\/smirna.cl\/wordpress\/wp-json\/wp\/v2\/types\/post"}],"author":[{"embeddable":true,"href":"https:\/\/smirna.cl\/wordpress\/wp-json\/wp\/v2\/users\/1"}],"replies":[{"embeddable":true,"href":"https:\/\/smirna.cl\/wordpress\/wp-json\/wp\/v2\/comments?post=2248"}],"version-history":[{"count":3,"href":"https:\/\/smirna.cl\/wordpress\/wp-json\/wp\/v2\/posts\/2248\/revisions"}],"predecessor-version":[{"id":2253,"href":"https:\/\/smirna.cl\/wordpress\/wp-json\/wp\/v2\/posts\/2248\/revisions\/2253"}],"wp:attachment":[{"href":"https:\/\/smirna.cl\/wordpress\/wp-json\/wp\/v2\/media?parent=2248"}],"wp:term":[{"taxonomy":"category","embeddable":true,"href":"https:\/\/smirna.cl\/wordpress\/wp-json\/wp\/v2\/categories?post=2248"},{"taxonomy":"post_tag","embeddable":true,"href":"https:\/\/smirna.cl\/wordpress\/wp-json\/wp\/v2\/tags?post=2248"}],"curies":[{"name":"wp","href":"https:\/\/api.w.org\/{rel}","templated":true}]}}