{"id":2032,"date":"2020-04-26T22:47:18","date_gmt":"2020-04-27T02:47:18","guid":{"rendered":"http:\/\/smirna.cl\/wordpress\/?p=2032"},"modified":"2020-04-26T22:47:52","modified_gmt":"2020-04-27T02:47:52","slug":"el-evangelio-de-la-properidad","status":"publish","type":"post","link":"https:\/\/smirna.cl\/wordpress\/el-evangelio-de-la-properidad\/","title":{"rendered":"El evangelio de la prosperidad"},"content":{"rendered":"<h3>EL EVANGELIO DE LA PROSPERIDAD<\/h3>\n<p>MOIS\u00c9S MOREIRA L\u00d3PEZ.<br \/>\nPastor Presbiteriano. Brasil.<br \/>\nMartes, 13 de febrero de 2007.<\/p>\n<p>En cierta ocasi\u00f3n, cuando Cristo nuestro Se\u00f1or daba las \u00faltimas instrucciones a sus disc\u00edpulos, dijo, como nos cuenta el ap\u00f3stol del amor:<\/p>\n<p><em>\u201cMas el Consolador, el Esp\u00edritu Santo, al cual el Padre enviar\u00e1 en mi nombre, \u00e9l os ense\u00f1ar\u00e1 todas las cosas y os recordar\u00e1 todas las cosas que os he dicho\u201d Juan 14: 26.<\/em><\/p>\n<p>Por lo tanto, ruego al Esp\u00edritu Santo, mi consolador, int\u00e9rprete e iluminador, que me auxilie, aclarando mi mente para que pueda entender el texto sagrado y a mis hermanos, para que vivan la ense\u00f1anza de Cristo, incluida en la orden:<\/p>\n<p><em>\u201cId por todo el mundo, predicad el evangelio a toda criatura. El que creyere y fuere bautizado ser\u00e1 salvo; mas el que no creyere ser\u00e1 condenado\u201d Marcos 16:15,16.<\/em><\/p>\n<p>\u00a1Qu\u00e9 Dios, el Esp\u00edritu Santo, me ayude!<\/p>\n<p>Al escribir a los g\u00e1latas, Pablo habla de otro evangelio, que no fue predicado por Cristo, es decir, un evangelio humano, generado por la codicia, por la avaricia, por el amor al dinero, un evangelio nacido en la mente de predicadores infieles, <em>\u201ccuyo fin ser\u00e1 perdici\u00f3n, cuyo dios es el vientre y su gloria es en confusi\u00f3n, que sienten lo terreno\u201d Filipenses 3:19.<\/em><\/p>\n<p>Ante esto, y despu\u00e9s de esto, es necesario un an\u00e1lisis, para examinar claramente la orden de Cristo que se encuentra en el evangelio de Marcos, pero que tambi\u00e9n se enfatiza en Mateo y que fue hecha realidad por todos los ap\u00f3stoles.<\/p>\n<p>Primeramente tenemos que saber qui\u00e9n dio la orden. No fue Marcos. No fue Pedro. No fue Juan. \u00bfQui\u00e9n dio esa orden? La orden la dio Jes\u00fas. Jes\u00fas es la Segunda Persona de la Sant\u00edsima Trinidad. Jes\u00fas es el Mes\u00edas prometido. Jes\u00fas es el creador de los cielos y de la tierra. Juan afirma que Jes\u00fas es el creador de todo. Dice el ap\u00f3stol:<\/p>\n<p><em>\u201cTodas las cosas por \u00e9l fueron hechas y sin \u00e9l nada de lo que es hecho fue hecho\u201d Juan 1:13.<\/em><\/p>\n<p>Jes\u00fas es la vida. Jes\u00fas es la verdad. Jes\u00fas es el camino al cielo. Jes\u00fas es el primero y el \u00faltimo, es decir: el Alfa y la \u00d3mega. Jes\u00fas es Dios.<\/p>\n<p>Fue Dios quien dio la orden: Id.<\/p>\n<p>Ir exige acci\u00f3n, movimiento, dar pasos. No era para vivir en un palacio, sino para salir de las cuatro paredes con un compromiso: la misi\u00f3n era predicar. No fue dada a incr\u00e9dulos, imp\u00edos y sin fe salvadora. No fue dada a los \u00e1ngeles, ministros espirituales de Dios. Al escribir a los cristianos dispersos en el Ponto, Galacia, Capadocia, Asia y Bitinia, Pedro, el ap\u00f3stol, asegur\u00f3 que los \u00e1ngeles dejar\u00edan hacer (a los hombres), porque no fueron escogidos para una tarea tan excelente (1\u00aa Pedro 1:12).<\/p>\n<p>Se plantea entonces una segunda pregunta: \u00bfA qui\u00e9nes fue dada la orden?<\/p>\n<p>La orden fue dada a los hombres que hab\u00edan sido escogidos por el mismo Dios para que fueran pescadores de hombres.<\/p>\n<p>Al iniciar Jes\u00fas su ministerio en las cercan\u00edas del mar de Galilea, llam\u00f3 a Sim\u00f3n y Andr\u00e9s, para que fueran sus disc\u00edpulos. Enseguida llam\u00f3 a Santiago, hijo de Zebedeo, y a Juan su hermano. Los primeros dejaron las redes y su oficio de pescadores. Los otros dejaron el barco de su padre. Dejaron los bienes materiales, dejaron su oficio, dejaron sus familias, para poder cumplir la orden divina.<\/p>\n<p>Esto nos hace ver, con una ex\u00e9gesis correcta, que Cristo exige desprendimiento y compromiso con la obra misionera. Se despojaron de sus bienes materiales y deber\u00edan dedicarse exclusivamente a cumplir la orden salvadora.<\/p>\n<p>Fueron hombres que, al andar con Cristo, se prepararon espiritual e intelectualmente para predicar. Jes\u00fas fue el Maestro y los Doce fueron sus alumnos. Jes\u00fas satisfizo todas sus dudas y cuando les ense\u00f1aba, quedaban asombrados con el conocimiento de Cristo.<\/p>\n<p>En cierta ocasi\u00f3n los disc\u00edpulos le preguntaron a Cristo: \u00bfQui\u00e9n es mayor en el reino de los cielos? Entonces Jes\u00fas llam\u00f3 a un ni\u00f1o peque\u00f1o, lo puso en medio de ellos y les dijo:<\/p>\n<p><em>\u201cDe cierto os digo, que si no os volviereis y fuereis como ni\u00f1os no entrar\u00e9is en el reino de los cielos. As\u00ed que, cualquiera que se humillare como este ni\u00f1o, este es el mayor en el reino de los cielos\u201d Mateo 18:2\u20134.<\/em><\/p>\n<p>Les ense\u00f1\u00f3 que deber\u00edan ser hombres de la Biblia, pues quien no se dedica al estudio de las Sagradas Escrituras comete errores en su vida espiritual. Ense\u00f1\u00f3 a sus disc\u00edpulos, al advertir a los fariseos, en estos t\u00e9rminos:<\/p>\n<p><em>\u201cErr\u00e1is, ignorando las Escrituras y el poder de Dios\u201d Mateo 22:29.<\/em><\/p>\n<p>Les ense\u00f1\u00f3, usando met\u00e1foras, metonimias, par\u00e1bolas y muchas otras figuras, para que sus disc\u00edpulos hicieran lo mismo en sus predicaciones. Revel\u00f3 los secretos del cielo y dijo:<\/p>\n<p><em>\u201cPorque a vosotros es concedido saber los misterios del reino de los cielos, mas a ellos no es concedido\u201d Mateo 13:11.<\/em><\/p>\n<p>Vivi\u00f3 lo que predic\u00f3, para que sus disc\u00edpulos fueran ejemplo en la palabra, en el trato con los dem\u00e1s y en el amor. Dijo:<\/p>\n<p><em>\u201cImposible es que no vengan esc\u00e1ndalos, mas \u00a1ay de aquel por quien vienen!\u201d Lucas 17:1.<\/em><\/p>\n<p>Fue a hombres preparados para una vida de santidad, de pureza y de consagraci\u00f3n que Jes\u00fas, la Segunda Persona de la Sant\u00edsima Trinidad, dio la orden de predicar.<\/p>\n<p>La tercera pregunta es: \u00bfPredicar qu\u00e9?<\/p>\n<p>No fue para predicar el socialismo, que es asunto de la pol\u00edtica. No fue para predicar la democracia, que es un r\u00e9gimen de gobierno. No fue para predicar el f\u00fatbol, que es un deporte. No fue para predicar buenas costumbres, lo que es sociolog\u00eda. No fue para predicar ideolog\u00edas, ni filosof\u00edas, sino para predicar el evangelio.<\/p>\n<p>Ese evangelio que fue anunciado por Dios Padre, cuando dijo, all\u00e1 en el Ed\u00e9n, al castigar el enemigo espiritual del hombre:<\/p>\n<p><em>\u201cY enemistad pondr\u00e9 entre ti y la mujer y entre tu simiente y la simiente suya; esta te herir\u00e1 en la cabeza y t\u00fa le herir\u00e1s en el calca\u00f1ar\u201d. G\u00e9nesis 3:15<\/em><\/p>\n<p>Este es el evangelio que ha sido desfigurado por los te\u00f3logos, artistas y pintores. Los te\u00f3logos lo han torcido. Los artistas pl\u00e1sticos que han representado la imagen de Mar\u00eda sosteniendo en sus brazos a Jes\u00fas y pisando la cabeza de la serpiente con su pie derecho. Los pintores que han puesto en la tela lo que los escultores trataron de expresar concretamente.<\/p>\n<p>Es el evangelio que salva y que fue anunciado por los \u00e1ngeles a los pastores de Bel\u00e9n, la noche en que Jes\u00fas naci\u00f3, cuando Gabriel dijo:<\/p>\n<p><em>\u201cNo tem\u00e1is, porque he aqu\u00ed os doy nuevas de gran gozo, que ser\u00e1 para todo el pueblo: Que os ha nacido hoy, en la ciudad de David, un Salvador, que es Cristo, el Se\u00f1or\u201d Lucas 2:10,11<\/em><\/p>\n<p>Este es el evangelio que debe ser anunciado. Cristo es el salvador y s\u00f3lo \u00e9l puede salvar a los hombres de la perdici\u00f3n eterna. No es san Pedro. No es san Pablo. No es Santiago. Es Jes\u00fas, el Mes\u00edas, el gozo del pueblo elegido, del pueblo escogido desde antes de la fundaci\u00f3n del mundo.<\/p>\n<p>No es el evangelio de liberaci\u00f3n, que salva al hombre de la esclavitud de los hombres, pero los deja esclavos de Satan\u00e1s. No es el evangelio de la prosperidad, que ense\u00f1a que el pecador se puede enriquecer e ingresar a la iglesia sin arrepentimiento, sin conversi\u00f3n, sin espiritualidad, sin consagraci\u00f3n y, por lo tanto, sin Cristo, sin Dios y sin fe.<\/p>\n<p>El evangelio que Cristo mand\u00f3 a predicar y el que Pablo predic\u00f3 y dec\u00eda a sus hermanos en la fe es:<\/p>\n<p><em>\u201cPara m\u00ed el vivir es Cristo y el morir es ganancia\u201d Fil. 1:21.<\/em><\/p>\n<p>Su tema no eran los milagros, la sanidad, la riqueza, la prosperidad. Su tema era Cristo; Cristo, el \u00fanico mediador entre Dios y los hombres. A Timoteo le dice:<\/p>\n<p><em>\u201cPorque hay un Dios, asimismo un mediador entre Dios y los hombres, Jesucristo hombre\u201d 1\u00aa Timoteo 2: 5.<\/em><\/p>\n<p>Cristo es el \u00fanico salvador. Pablo dijo, junto con Silas, al carcelero de Filipos:<\/p>\n<p>Era el tema de Pedro, quien les dice a los cristianos dispersos que Cristo es el sumo sacerdote y que los cristianos son parte de ese sacerdocio real (1\u00aa Pedro 2:9). Este era el tema que Pedro quer\u00eda que los predicadores tuvieran presente, ya que les dice que deben anunciar las virtudes de aquel que les ha llamado de las tinieblas a su luz admirable.<\/p>\n<p><em>\u201cCree en el Se\u00f1or Jesucristo y ser\u00e1s salvo t\u00fa y tu casa\u201d Hechos 16:31.<\/em><\/p>\n<p>No se encuentra en la orden de Cristo, ni siquiera implicada o entre l\u00edneas, que quien viene a \u00e9l enriquecer\u00e1. Las riquezas, as\u00ed como la prosperidad, son bendiciones de Dios, que \u00e9l concede a quien \u00e9l quiere y si quieres. \u00c9l es soberano. La probabilidad de tener una vida \u00fatil y pr\u00f3spera es grande, porque el convertido deja de practicar algunos actos y, como mayordomo, no enterrar\u00e1 su talento, sino que lo trabajar\u00e1, haciendo con uno, dos; con dos, cuatro y con cinco, diez.<\/p>\n<p>El sabio Salom\u00f3n dice que la prosperidad es una bendici\u00f3n del Se\u00f1or. Pero, tomar la prosperidad como objetivo para atraer a las personas al templo y no a la iglesia militante, y despu\u00e9s triunfante, es un error.<\/p>\n<p>Cristo mand\u00f3 predicar el evangelio, pero \u00bfa qui\u00e9nes? He ah\u00ed otra pregunta. Marcos dice que Cristo mand\u00f3 predicar a toda criatura.<\/p>\n<p>Antonio Vieira, el mayor orador sagrado del siglo XVII, en su serm\u00f3n de la Sexag\u00e9sima, usando la sabidur\u00eda que Dios le dio y vali\u00e9ndose de una figura de lenguaje, pregunta: <em>\u201c\u00bfC\u00f3mo as\u00ed, Se\u00f1or? Los animales \u00bfno son criaturas? \u00bfLos \u00e1rboles no son criaturas? Tienen los ap\u00f3stoles que predicar a las piedras? \u00bfTienen que predicar a los troncos? \u00bfTienen que predicar a los animales? S\u00ed, dice San Gregorio, y despu\u00e9s San Agust\u00edn, porque como los ap\u00f3stoles iban a ir a predicar a todas las naciones del mundo, muchas de ellas b\u00e1rbaras e incultas, iban a encontrar hombres degenerados, que ser\u00edan como todas las especies de criaturas: iban a encontrar hombres, hombres, hombres troncos, hombres piedras\u201d.<\/em><\/p>\n<p>En todas las naciones hay personas que fueron escogidas desde antes de la fundaci\u00f3n del mundo. Personas que son criaturas, pero que andan, en palabras de Pablo, en los deseos de la carne y que hacen la voluntad de la carne y de los pensamientos (Efesios 2:3). En el momento que oyen la voz del evangelio y reciben el toque del Esp\u00edritu Santo se convierten en hijos de Dios y miembros del pueblo salvo por la sangre de Jes\u00fas. Fue para ese pueblo que Jes\u00fas vino y dio su vida en la cruz del Calvario. Fue en relaci\u00f3n con ese pueblo que el \u00e1ngel del Se\u00f1or dijo a los pastores:<\/p>\n<p><em>\u201cHe aqu\u00ed os doy nuevas de gran gozo, que ser\u00e1 para todo el pueblo\u201d.<\/em><\/p>\n<p>No dice que ser\u00eda para todos los pueblos, sino para todo el pueblo. El pueblo de Dios. Jes\u00fas fue muy claro en su ense\u00f1anza, cuando dijo:<\/p>\n<p><em>\u201cMi padre que me las dio, mayor que todos es y nadie las puede arrebatar de la mano de mi Padre\u201d Juan 10:29.<\/em><\/p>\n<p>Es a ese pueblo que Jes\u00fas le da la vida eterna.<\/p>\n<p>Es por eso que el escritor de la carta a los hebreos dice:<\/p>\n<p><em>\u201cAs\u00ed tambi\u00e9n Cristo fue ofrecido una vez para agotar los pecados de muchos y la segunda vez, sin pecado, ser\u00e1 visto de los que le esperan para salvaci\u00f3n\u201d Hebreos 9:28.<\/em><\/p>\n<p>He ah\u00ed, muy queridos hermanos, las criaturas a las cuales debemos predicar, aunque no sabemos qui\u00e9nes son. No importa su raza, color, tribu o naci\u00f3n, porque el que hace acepci\u00f3n ofende al Creador. Salom\u00f3n dijo:<\/p>\n<p><em>\u201cEl que desprecia a su pr\u00f3jimo, peca; pero el que se compadece de los humildes es bienaventurado\u201d.<\/em><\/p>\n<p>Cristo mand\u00f3 predicar el evangelio y exigi\u00f3 la fe de los que oyeran y que demostraran esa fe por medio del bautismo.<\/p>\n<p>No se bautizar\u00edan para ser salvos, porque lo ser\u00edan por la fe y s\u00f3lo como demostraci\u00f3n de la nueva vida y como miembros de la iglesia visible deber\u00edan ser bautizados.<\/p>\n<p>Fue por eso que despu\u00e9s de la orden de ir y predicar afirm\u00f3: <em>\u201cMas el que no creyere ser\u00e1 condenado\u201d<\/em>. La condenaci\u00f3n ser\u00eda para los que no creyeran.<\/p>\n<p>En relaci\u00f3n con esto, queridos hermanos, tengamos presente que la orden fue dada por Cristo a sus disc\u00edpulos y ellos deber\u00edan predicar la salvaci\u00f3n en Jes\u00fas y nada m\u00e1s.<\/p>\n<p>\u00a1Qu\u00e9 Dios ilumine a cada predicador, para que predique el evangelio que salva a los hombres de la perdici\u00f3n eterna, sin artificios enga\u00f1osos, y no aquel otro evangelio que es terreno, de la tierra, como dijo Pablo:<\/p>\n<p><em>\u201ccuyo fin ser\u00e1 perdici\u00f3n, cuyo dios es el vientre y su gloria es en confusi\u00f3n; que sienten lo terreno\u201d Filipenses 3:19.<\/em><\/p>\n<p>&nbsp;<\/p>\n<p>XIX Congreso ALADIC \u2013 Guatemala, 2007<\/p>\n","protected":false},"excerpt":{"rendered":"<p>EL EVANGELIO DE LA PROSPERIDAD MOIS\u00c9S MOREIRA L\u00d3PEZ. Pastor Presbiteriano. Brasil. Martes, 13 de febrero de 2007. En cierta ocasi\u00f3n, cuando Cristo nuestro Se\u00f1or daba las \u00faltimas instrucciones a sus disc\u00edpulos, dijo, como nos cuenta el ap\u00f3stol del amor: \u201cMas el Consolador, el Esp\u00edritu Santo, al cual el Padre enviar\u00e1 en mi nombre, \u00e9l os [&hellip;]<\/p>\n","protected":false},"author":1,"featured_media":0,"comment_status":"closed","ping_status":"open","sticky":false,"template":"","format":"standard","meta":{"_monsterinsights_skip_tracking":false,"_monsterinsights_sitenote_active":false,"_monsterinsights_sitenote_note":"","_monsterinsights_sitenote_category":0,"__cvm_playback_settings":[],"__cvm_video_id":"","footnotes":""},"categories":[11],"tags":[],"class_list":["post-2032","post","type-post","status-publish","format-standard","hentry","category-mensajes"],"yoast_head":"<!-- This site is optimized with the Yoast SEO plugin v27.5 - https:\/\/yoast.com\/product\/yoast-seo-wordpress\/ -->\n<title>El evangelio de la prosperidad - Iglesia Smirna<\/title>\n<meta name=\"description\" content=\"El evangelio de la prosperidad. Tema presentado por el pastor Mois\u00e9s Moreira (Brasil) en el congreso ALADIC Guatemala 2007\" \/>\n<meta name=\"robots\" content=\"index, follow, max-snippet:-1, max-image-preview:large, max-video-preview:-1\" \/>\n<link rel=\"canonical\" href=\"https:\/\/smirna.cl\/wordpress\/el-evangelio-de-la-properidad\/\" \/>\n<meta property=\"og:locale\" content=\"es_ES\" \/>\n<meta property=\"og:type\" content=\"article\" \/>\n<meta property=\"og:title\" content=\"El evangelio de la prosperidad - Iglesia Smirna\" \/>\n<meta property=\"og:description\" content=\"El evangelio de la prosperidad. Tema presentado por el pastor Mois\u00e9s Moreira (Brasil) en el congreso ALADIC Guatemala 2007\" \/>\n<meta property=\"og:url\" content=\"https:\/\/smirna.cl\/wordpress\/el-evangelio-de-la-properidad\/\" \/>\n<meta property=\"og:site_name\" content=\"Iglesia Smirna\" \/>\n<meta property=\"article:publisher\" content=\"http:\/\/www.facebook.com\/iglesiasmirna\/\" \/>\n<meta property=\"article:published_time\" content=\"2020-04-27T02:47:18+00:00\" \/>\n<meta property=\"article:modified_time\" content=\"2020-04-27T02:47:52+00:00\" \/>\n<meta property=\"og:image\" content=\"https:\/\/smirna.cl\/wordpress\/wp-content\/uploads\/2017\/11\/logo-1.jpg\" \/>\n\t<meta property=\"og:image:width\" content=\"65\" \/>\n\t<meta property=\"og:image:height\" content=\"72\" \/>\n\t<meta property=\"og:image:type\" content=\"image\/jpeg\" \/>\n<meta name=\"author\" content=\"Webmaster\" \/>\n<meta name=\"twitter:label1\" content=\"Escrito por\" \/>\n\t<meta name=\"twitter:data1\" content=\"Webmaster\" \/>\n\t<meta name=\"twitter:label2\" content=\"Tiempo de lectura\" \/>\n\t<meta name=\"twitter:data2\" content=\"11 minutos\" \/>\n<script type=\"application\/ld+json\" class=\"yoast-schema-graph\">{\"@context\":\"https:\\\/\\\/schema.org\",\"@graph\":[{\"@type\":\"Article\",\"@id\":\"https:\\\/\\\/smirna.cl\\\/wordpress\\\/el-evangelio-de-la-properidad\\\/#article\",\"isPartOf\":{\"@id\":\"https:\\\/\\\/smirna.cl\\\/wordpress\\\/el-evangelio-de-la-properidad\\\/\"},\"author\":{\"name\":\"Webmaster\",\"@id\":\"https:\\\/\\\/smirna.cl\\\/wordpress\\\/#\\\/schema\\\/person\\\/0e901c14ef2d450c76b6c9af2c11feab\"},\"headline\":\"El evangelio de la prosperidad\",\"datePublished\":\"2020-04-27T02:47:18+00:00\",\"dateModified\":\"2020-04-27T02:47:52+00:00\",\"mainEntityOfPage\":{\"@id\":\"https:\\\/\\\/smirna.cl\\\/wordpress\\\/el-evangelio-de-la-properidad\\\/\"},\"wordCount\":2245,\"publisher\":{\"@id\":\"https:\\\/\\\/smirna.cl\\\/wordpress\\\/#organization\"},\"articleSection\":[\"Mensajes\"],\"inLanguage\":\"es\"},{\"@type\":\"WebPage\",\"@id\":\"https:\\\/\\\/smirna.cl\\\/wordpress\\\/el-evangelio-de-la-properidad\\\/\",\"url\":\"https:\\\/\\\/smirna.cl\\\/wordpress\\\/el-evangelio-de-la-properidad\\\/\",\"name\":\"El evangelio de la prosperidad - Iglesia Smirna\",\"isPartOf\":{\"@id\":\"https:\\\/\\\/smirna.cl\\\/wordpress\\\/#website\"},\"datePublished\":\"2020-04-27T02:47:18+00:00\",\"dateModified\":\"2020-04-27T02:47:52+00:00\",\"description\":\"El evangelio de la prosperidad. Tema presentado por el pastor Mois\u00e9s Moreira (Brasil) en el congreso ALADIC Guatemala 2007\",\"breadcrumb\":{\"@id\":\"https:\\\/\\\/smirna.cl\\\/wordpress\\\/el-evangelio-de-la-properidad\\\/#breadcrumb\"},\"inLanguage\":\"es\",\"potentialAction\":[{\"@type\":\"ReadAction\",\"target\":[\"https:\\\/\\\/smirna.cl\\\/wordpress\\\/el-evangelio-de-la-properidad\\\/\"]}]},{\"@type\":\"BreadcrumbList\",\"@id\":\"https:\\\/\\\/smirna.cl\\\/wordpress\\\/el-evangelio-de-la-properidad\\\/#breadcrumb\",\"itemListElement\":[{\"@type\":\"ListItem\",\"position\":1,\"name\":\"Home\",\"item\":\"https:\\\/\\\/smirna.cl\\\/wordpress\\\/\"},{\"@type\":\"ListItem\",\"position\":2,\"name\":\"El evangelio de la prosperidad\"}]},{\"@type\":\"WebSite\",\"@id\":\"https:\\\/\\\/smirna.cl\\\/wordpress\\\/#website\",\"url\":\"https:\\\/\\\/smirna.cl\\\/wordpress\\\/\",\"name\":\"Iglesia Smirna\",\"description\":\"Iglesia Smirna\",\"publisher\":{\"@id\":\"https:\\\/\\\/smirna.cl\\\/wordpress\\\/#organization\"},\"potentialAction\":[{\"@type\":\"SearchAction\",\"target\":{\"@type\":\"EntryPoint\",\"urlTemplate\":\"https:\\\/\\\/smirna.cl\\\/wordpress\\\/?s={search_term_string}\"},\"query-input\":{\"@type\":\"PropertyValueSpecification\",\"valueRequired\":true,\"valueName\":\"search_term_string\"}}],\"inLanguage\":\"es\"},{\"@type\":\"Organization\",\"@id\":\"https:\\\/\\\/smirna.cl\\\/wordpress\\\/#organization\",\"name\":\"Iglesia Smirna\",\"url\":\"https:\\\/\\\/smirna.cl\\\/wordpress\\\/\",\"logo\":{\"@type\":\"ImageObject\",\"inLanguage\":\"es\",\"@id\":\"https:\\\/\\\/smirna.cl\\\/wordpress\\\/#\\\/schema\\\/logo\\\/image\\\/\",\"url\":\"http:\\\/\\\/smirna.cl\\\/wordpress\\\/wp-content\\\/uploads\\\/2017\\\/11\\\/logo-1.jpg\",\"contentUrl\":\"http:\\\/\\\/smirna.cl\\\/wordpress\\\/wp-content\\\/uploads\\\/2017\\\/11\\\/logo-1.jpg\",\"width\":65,\"height\":72,\"caption\":\"Iglesia Smirna\"},\"image\":{\"@id\":\"https:\\\/\\\/smirna.cl\\\/wordpress\\\/#\\\/schema\\\/logo\\\/image\\\/\"},\"sameAs\":[\"http:\\\/\\\/www.facebook.com\\\/iglesiasmirna\\\/\",\"https:\\\/\\\/www.youtube.com\\\/channel\\\/UCNLg72edfDxAGpMGOHgxXMA\"]},{\"@type\":\"Person\",\"@id\":\"https:\\\/\\\/smirna.cl\\\/wordpress\\\/#\\\/schema\\\/person\\\/0e901c14ef2d450c76b6c9af2c11feab\",\"name\":\"Webmaster\",\"image\":{\"@type\":\"ImageObject\",\"inLanguage\":\"es\",\"@id\":\"https:\\\/\\\/secure.gravatar.com\\\/avatar\\\/17bf4c70b739801d1a9c2708fe4074c5c7cfb6fb81af6bbfb877ce374a8c8514?s=96&d=mm&r=g\",\"url\":\"https:\\\/\\\/secure.gravatar.com\\\/avatar\\\/17bf4c70b739801d1a9c2708fe4074c5c7cfb6fb81af6bbfb877ce374a8c8514?s=96&d=mm&r=g\",\"contentUrl\":\"https:\\\/\\\/secure.gravatar.com\\\/avatar\\\/17bf4c70b739801d1a9c2708fe4074c5c7cfb6fb81af6bbfb877ce374a8c8514?s=96&d=mm&r=g\",\"caption\":\"Webmaster\"},\"url\":\"https:\\\/\\\/smirna.cl\\\/wordpress\\\/author\\\/jrm1hotmail-com\\\/\"}]}<\/script>\n<!-- \/ Yoast SEO plugin. -->","yoast_head_json":{"title":"El evangelio de la prosperidad - Iglesia Smirna","description":"El evangelio de la prosperidad. Tema presentado por el pastor Mois\u00e9s Moreira (Brasil) en el congreso ALADIC Guatemala 2007","robots":{"index":"index","follow":"follow","max-snippet":"max-snippet:-1","max-image-preview":"max-image-preview:large","max-video-preview":"max-video-preview:-1"},"canonical":"https:\/\/smirna.cl\/wordpress\/el-evangelio-de-la-properidad\/","og_locale":"es_ES","og_type":"article","og_title":"El evangelio de la prosperidad - Iglesia Smirna","og_description":"El evangelio de la prosperidad. Tema presentado por el pastor Mois\u00e9s Moreira (Brasil) en el congreso ALADIC Guatemala 2007","og_url":"https:\/\/smirna.cl\/wordpress\/el-evangelio-de-la-properidad\/","og_site_name":"Iglesia Smirna","article_publisher":"http:\/\/www.facebook.com\/iglesiasmirna\/","article_published_time":"2020-04-27T02:47:18+00:00","article_modified_time":"2020-04-27T02:47:52+00:00","og_image":[{"width":65,"height":72,"url":"https:\/\/smirna.cl\/wordpress\/wp-content\/uploads\/2017\/11\/logo-1.jpg","type":"image\/jpeg"}],"author":"Webmaster","twitter_misc":{"Escrito por":"Webmaster","Tiempo de lectura":"11 minutos"},"schema":{"@context":"https:\/\/schema.org","@graph":[{"@type":"Article","@id":"https:\/\/smirna.cl\/wordpress\/el-evangelio-de-la-properidad\/#article","isPartOf":{"@id":"https:\/\/smirna.cl\/wordpress\/el-evangelio-de-la-properidad\/"},"author":{"name":"Webmaster","@id":"https:\/\/smirna.cl\/wordpress\/#\/schema\/person\/0e901c14ef2d450c76b6c9af2c11feab"},"headline":"El evangelio de la prosperidad","datePublished":"2020-04-27T02:47:18+00:00","dateModified":"2020-04-27T02:47:52+00:00","mainEntityOfPage":{"@id":"https:\/\/smirna.cl\/wordpress\/el-evangelio-de-la-properidad\/"},"wordCount":2245,"publisher":{"@id":"https:\/\/smirna.cl\/wordpress\/#organization"},"articleSection":["Mensajes"],"inLanguage":"es"},{"@type":"WebPage","@id":"https:\/\/smirna.cl\/wordpress\/el-evangelio-de-la-properidad\/","url":"https:\/\/smirna.cl\/wordpress\/el-evangelio-de-la-properidad\/","name":"El evangelio de la prosperidad - Iglesia Smirna","isPartOf":{"@id":"https:\/\/smirna.cl\/wordpress\/#website"},"datePublished":"2020-04-27T02:47:18+00:00","dateModified":"2020-04-27T02:47:52+00:00","description":"El evangelio de la prosperidad. Tema presentado por el pastor Mois\u00e9s Moreira (Brasil) en el congreso ALADIC Guatemala 2007","breadcrumb":{"@id":"https:\/\/smirna.cl\/wordpress\/el-evangelio-de-la-properidad\/#breadcrumb"},"inLanguage":"es","potentialAction":[{"@type":"ReadAction","target":["https:\/\/smirna.cl\/wordpress\/el-evangelio-de-la-properidad\/"]}]},{"@type":"BreadcrumbList","@id":"https:\/\/smirna.cl\/wordpress\/el-evangelio-de-la-properidad\/#breadcrumb","itemListElement":[{"@type":"ListItem","position":1,"name":"Home","item":"https:\/\/smirna.cl\/wordpress\/"},{"@type":"ListItem","position":2,"name":"El evangelio de la prosperidad"}]},{"@type":"WebSite","@id":"https:\/\/smirna.cl\/wordpress\/#website","url":"https:\/\/smirna.cl\/wordpress\/","name":"Iglesia Smirna","description":"Iglesia Smirna","publisher":{"@id":"https:\/\/smirna.cl\/wordpress\/#organization"},"potentialAction":[{"@type":"SearchAction","target":{"@type":"EntryPoint","urlTemplate":"https:\/\/smirna.cl\/wordpress\/?s={search_term_string}"},"query-input":{"@type":"PropertyValueSpecification","valueRequired":true,"valueName":"search_term_string"}}],"inLanguage":"es"},{"@type":"Organization","@id":"https:\/\/smirna.cl\/wordpress\/#organization","name":"Iglesia Smirna","url":"https:\/\/smirna.cl\/wordpress\/","logo":{"@type":"ImageObject","inLanguage":"es","@id":"https:\/\/smirna.cl\/wordpress\/#\/schema\/logo\/image\/","url":"http:\/\/smirna.cl\/wordpress\/wp-content\/uploads\/2017\/11\/logo-1.jpg","contentUrl":"http:\/\/smirna.cl\/wordpress\/wp-content\/uploads\/2017\/11\/logo-1.jpg","width":65,"height":72,"caption":"Iglesia Smirna"},"image":{"@id":"https:\/\/smirna.cl\/wordpress\/#\/schema\/logo\/image\/"},"sameAs":["http:\/\/www.facebook.com\/iglesiasmirna\/","https:\/\/www.youtube.com\/channel\/UCNLg72edfDxAGpMGOHgxXMA"]},{"@type":"Person","@id":"https:\/\/smirna.cl\/wordpress\/#\/schema\/person\/0e901c14ef2d450c76b6c9af2c11feab","name":"Webmaster","image":{"@type":"ImageObject","inLanguage":"es","@id":"https:\/\/secure.gravatar.com\/avatar\/17bf4c70b739801d1a9c2708fe4074c5c7cfb6fb81af6bbfb877ce374a8c8514?s=96&d=mm&r=g","url":"https:\/\/secure.gravatar.com\/avatar\/17bf4c70b739801d1a9c2708fe4074c5c7cfb6fb81af6bbfb877ce374a8c8514?s=96&d=mm&r=g","contentUrl":"https:\/\/secure.gravatar.com\/avatar\/17bf4c70b739801d1a9c2708fe4074c5c7cfb6fb81af6bbfb877ce374a8c8514?s=96&d=mm&r=g","caption":"Webmaster"},"url":"https:\/\/smirna.cl\/wordpress\/author\/jrm1hotmail-com\/"}]}},"_links":{"self":[{"href":"https:\/\/smirna.cl\/wordpress\/wp-json\/wp\/v2\/posts\/2032","targetHints":{"allow":["GET"]}}],"collection":[{"href":"https:\/\/smirna.cl\/wordpress\/wp-json\/wp\/v2\/posts"}],"about":[{"href":"https:\/\/smirna.cl\/wordpress\/wp-json\/wp\/v2\/types\/post"}],"author":[{"embeddable":true,"href":"https:\/\/smirna.cl\/wordpress\/wp-json\/wp\/v2\/users\/1"}],"replies":[{"embeddable":true,"href":"https:\/\/smirna.cl\/wordpress\/wp-json\/wp\/v2\/comments?post=2032"}],"version-history":[{"count":2,"href":"https:\/\/smirna.cl\/wordpress\/wp-json\/wp\/v2\/posts\/2032\/revisions"}],"predecessor-version":[{"id":2034,"href":"https:\/\/smirna.cl\/wordpress\/wp-json\/wp\/v2\/posts\/2032\/revisions\/2034"}],"wp:attachment":[{"href":"https:\/\/smirna.cl\/wordpress\/wp-json\/wp\/v2\/media?parent=2032"}],"wp:term":[{"taxonomy":"category","embeddable":true,"href":"https:\/\/smirna.cl\/wordpress\/wp-json\/wp\/v2\/categories?post=2032"},{"taxonomy":"post_tag","embeddable":true,"href":"https:\/\/smirna.cl\/wordpress\/wp-json\/wp\/v2\/tags?post=2032"}],"curies":[{"name":"wp","href":"https:\/\/api.w.org\/{rel}","templated":true}]}}