{"id":1560,"date":"2020-03-30T18:37:39","date_gmt":"2020-03-30T21:37:39","guid":{"rendered":"http:\/\/smirna.cl\/wordpress\/?p=1560"},"modified":"2020-05-24T18:55:03","modified_gmt":"2020-05-24T22:55:03","slug":"informativo-actuacion-en-estado-de-catastrofe-h-presbiterio","status":"publish","type":"post","link":"https:\/\/smirna.cl\/wordpress\/informativo-actuacion-en-estado-de-catastrofe-h-presbiterio\/","title":{"rendered":"Informativo Actuaci\u00f3n en Estado de Cat\u00e1strofe (H. Presbiterio)"},"content":{"rendered":"<h2>Honorable Presbiterio Fundamentalista B\u00edblico<\/h2>\n<h3>Informativo n\u00b02<\/h3>\n<p><strong>Actuaci\u00f3n en Estado de Cat\u00e1strofe<\/strong><\/p>\n<p>Estimados pastores, ancianos y hermanos miembros y adherentes de la Iglesia Presbiteriana Fundamentalista B\u00edblica.<\/p>\n<p>Nos encontramos ante una situaci\u00f3n nunca antes vista, y esperamos en el Se\u00f1or que su iglesia salga fortalecida y ricamente bendecida. Hoy m\u00e1s que nunca necesitamos depender de \u00c9l, sabiendo que nos protege, y cuando permite que pasemos por pruebas \u00c9l nos acompa\u00f1a.<\/p>\n<p>En este nuevo Estado de Excepci\u00f3n Constitucional de Cat\u00e1strofe, decretado por el presidente Sebasti\u00e1n Pi\u00f1era, se puede prohibir las reuniones en lugares p\u00fablicos, cuyo\u00a0 incumplimiento puede acarrear para la iglesia sanciones de tipo civil y penal (contenidas en el c\u00f3digo penal y sanitario con penas de multa y c\u00e1rcel), raz\u00f3n por la cual, y en conversaci\u00f3n con los presidentes de distrito, pastores Eliseo Colicheo C. y Yimmy Rubilar J. hemos considerado prudente solicitar a todas las congregaciones (iglesias, grupos y locales) SUSPENDER TODA ACTIVIDAD HASTA NUEVO AVISO (cultos, escuela dominical, sociedades y atenci\u00f3n de locales)<\/p>\n<p>En el amor del Se\u00f1or\u2026<\/p>\n<p><strong>David Quezada Mieres<\/strong><br \/>\n<strong>Presidente<\/strong><br \/>\n42 2 230662 \u2013 989329057<\/p>\n<p>Chill\u00e1n, 19 de marzo de 2020<\/p>\n<p>&nbsp;<\/p>\n<p>[pdf-embedder url=\u00bbhttp:\/\/smirna.cl\/wordpress\/wp-content\/uploads\/2020\/03\/Actuaci\u00f3n-en-Estado-de-Cat\u00e1strofe.pdf\u00bb title=\u00bbActuaci\u00f3n en Estado de Cat\u00e1strofe\u00bb]<\/p>\n","protected":false},"excerpt":{"rendered":"<p>Honorable Presbiterio Fundamentalista B\u00edblico Informativo n\u00b02 Actuaci\u00f3n en Estado de Cat\u00e1strofe Estimados pastores, ancianos y hermanos miembros y adherentes de la Iglesia Presbiteriana Fundamentalista B\u00edblica. Nos encontramos ante una situaci\u00f3n nunca antes vista, y esperamos en el Se\u00f1or que su iglesia salga fortalecida y ricamente bendecida. Hoy m\u00e1s que nunca necesitamos depender de \u00c9l, sabiendo [&hellip;]<\/p>\n","protected":false},"author":1,"featured_media":0,"comment_status":"closed","ping_status":"open","sticky":false,"template":"","format":"standard","meta":{"_monsterinsights_skip_tracking":false,"_monsterinsights_sitenote_active":false,"_monsterinsights_sitenote_note":"","_monsterinsights_sitenote_category":0,"__cvm_playback_settings":[],"__cvm_video_id":"","footnotes":""},"categories":[11],"tags":[],"class_list":["post-1560","post","type-post","status-publish","format-standard","hentry","category-mensajes"],"yoast_head":"<!-- This site is optimized with the Yoast SEO plugin v27.5 - https:\/\/yoast.com\/product\/yoast-seo-wordpress\/ -->\n<title>Informativo Actuaci\u00f3n en Estado de Cat\u00e1strofe (H. Presbiterio) - Iglesia Smirna<\/title>\n<meta name=\"description\" content=\"Hemos considerado prudente solicitar a todas las congregaciones (iglesias, grupos y locales)suspender toda actividad hasta nuevo aviso\" \/>\n<meta name=\"robots\" content=\"index, follow, max-snippet:-1, max-image-preview:large, max-video-preview:-1\" \/>\n<link rel=\"canonical\" href=\"https:\/\/smirna.cl\/wordpress\/informativo-actuacion-en-estado-de-catastrofe-h-presbiterio\/\" \/>\n<meta property=\"og:locale\" content=\"es_ES\" \/>\n<meta property=\"og:type\" content=\"article\" \/>\n<meta property=\"og:title\" content=\"Informativo Actuaci\u00f3n en Estado de Cat\u00e1strofe (H. Presbiterio) - Iglesia Smirna\" \/>\n<meta property=\"og:description\" content=\"Hemos considerado prudente solicitar a todas las congregaciones (iglesias, grupos y locales)suspender toda actividad hasta nuevo aviso\" \/>\n<meta property=\"og:url\" content=\"https:\/\/smirna.cl\/wordpress\/informativo-actuacion-en-estado-de-catastrofe-h-presbiterio\/\" \/>\n<meta property=\"og:site_name\" content=\"Iglesia Smirna\" \/>\n<meta property=\"article:publisher\" content=\"http:\/\/www.facebook.com\/iglesiasmirna\/\" \/>\n<meta property=\"article:published_time\" content=\"2020-03-30T21:37:39+00:00\" \/>\n<meta property=\"article:modified_time\" content=\"2020-05-24T22:55:03+00:00\" \/>\n<meta property=\"og:image\" content=\"https:\/\/smirna.cl\/wordpress\/wp-content\/uploads\/2017\/11\/logo-1.jpg\" \/>\n\t<meta property=\"og:image:width\" content=\"65\" \/>\n\t<meta property=\"og:image:height\" content=\"72\" \/>\n\t<meta property=\"og:image:type\" content=\"image\/jpeg\" \/>\n<meta name=\"author\" content=\"Webmaster\" \/>\n<meta name=\"twitter:label1\" content=\"Escrito por\" \/>\n\t<meta name=\"twitter:data1\" content=\"Webmaster\" \/>\n\t<meta name=\"twitter:label2\" content=\"Tiempo de lectura\" \/>\n\t<meta name=\"twitter:data2\" content=\"1 minuto\" \/>\n<script type=\"application\/ld+json\" class=\"yoast-schema-graph\">{\"@context\":\"https:\\\/\\\/schema.org\",\"@graph\":[{\"@type\":\"Article\",\"@id\":\"https:\\\/\\\/smirna.cl\\\/wordpress\\\/informativo-actuacion-en-estado-de-catastrofe-h-presbiterio\\\/#article\",\"isPartOf\":{\"@id\":\"https:\\\/\\\/smirna.cl\\\/wordpress\\\/informativo-actuacion-en-estado-de-catastrofe-h-presbiterio\\\/\"},\"author\":{\"name\":\"Webmaster\",\"@id\":\"https:\\\/\\\/smirna.cl\\\/wordpress\\\/#\\\/schema\\\/person\\\/0e901c14ef2d450c76b6c9af2c11feab\"},\"headline\":\"Informativo Actuaci\u00f3n en Estado de Cat\u00e1strofe (H. Presbiterio)\",\"datePublished\":\"2020-03-30T21:37:39+00:00\",\"dateModified\":\"2020-05-24T22:55:03+00:00\",\"mainEntityOfPage\":{\"@id\":\"https:\\\/\\\/smirna.cl\\\/wordpress\\\/informativo-actuacion-en-estado-de-catastrofe-h-presbiterio\\\/\"},\"wordCount\":227,\"publisher\":{\"@id\":\"https:\\\/\\\/smirna.cl\\\/wordpress\\\/#organization\"},\"articleSection\":[\"Mensajes\"],\"inLanguage\":\"es\"},{\"@type\":\"WebPage\",\"@id\":\"https:\\\/\\\/smirna.cl\\\/wordpress\\\/informativo-actuacion-en-estado-de-catastrofe-h-presbiterio\\\/\",\"url\":\"https:\\\/\\\/smirna.cl\\\/wordpress\\\/informativo-actuacion-en-estado-de-catastrofe-h-presbiterio\\\/\",\"name\":\"Informativo Actuaci\u00f3n en Estado de Cat\u00e1strofe (H. Presbiterio) - Iglesia Smirna\",\"isPartOf\":{\"@id\":\"https:\\\/\\\/smirna.cl\\\/wordpress\\\/#website\"},\"datePublished\":\"2020-03-30T21:37:39+00:00\",\"dateModified\":\"2020-05-24T22:55:03+00:00\",\"description\":\"Hemos considerado prudente solicitar a todas las congregaciones (iglesias, grupos y locales)suspender toda actividad hasta nuevo aviso\",\"breadcrumb\":{\"@id\":\"https:\\\/\\\/smirna.cl\\\/wordpress\\\/informativo-actuacion-en-estado-de-catastrofe-h-presbiterio\\\/#breadcrumb\"},\"inLanguage\":\"es\",\"potentialAction\":[{\"@type\":\"ReadAction\",\"target\":[\"https:\\\/\\\/smirna.cl\\\/wordpress\\\/informativo-actuacion-en-estado-de-catastrofe-h-presbiterio\\\/\"]}]},{\"@type\":\"BreadcrumbList\",\"@id\":\"https:\\\/\\\/smirna.cl\\\/wordpress\\\/informativo-actuacion-en-estado-de-catastrofe-h-presbiterio\\\/#breadcrumb\",\"itemListElement\":[{\"@type\":\"ListItem\",\"position\":1,\"name\":\"Home\",\"item\":\"https:\\\/\\\/smirna.cl\\\/wordpress\\\/\"},{\"@type\":\"ListItem\",\"position\":2,\"name\":\"Informativo Actuaci\u00f3n en Estado de Cat\u00e1strofe (H. Presbiterio)\"}]},{\"@type\":\"WebSite\",\"@id\":\"https:\\\/\\\/smirna.cl\\\/wordpress\\\/#website\",\"url\":\"https:\\\/\\\/smirna.cl\\\/wordpress\\\/\",\"name\":\"Iglesia Smirna\",\"description\":\"Iglesia Smirna\",\"publisher\":{\"@id\":\"https:\\\/\\\/smirna.cl\\\/wordpress\\\/#organization\"},\"potentialAction\":[{\"@type\":\"SearchAction\",\"target\":{\"@type\":\"EntryPoint\",\"urlTemplate\":\"https:\\\/\\\/smirna.cl\\\/wordpress\\\/?s={search_term_string}\"},\"query-input\":{\"@type\":\"PropertyValueSpecification\",\"valueRequired\":true,\"valueName\":\"search_term_string\"}}],\"inLanguage\":\"es\"},{\"@type\":\"Organization\",\"@id\":\"https:\\\/\\\/smirna.cl\\\/wordpress\\\/#organization\",\"name\":\"Iglesia Smirna\",\"url\":\"https:\\\/\\\/smirna.cl\\\/wordpress\\\/\",\"logo\":{\"@type\":\"ImageObject\",\"inLanguage\":\"es\",\"@id\":\"https:\\\/\\\/smirna.cl\\\/wordpress\\\/#\\\/schema\\\/logo\\\/image\\\/\",\"url\":\"http:\\\/\\\/smirna.cl\\\/wordpress\\\/wp-content\\\/uploads\\\/2017\\\/11\\\/logo-1.jpg\",\"contentUrl\":\"http:\\\/\\\/smirna.cl\\\/wordpress\\\/wp-content\\\/uploads\\\/2017\\\/11\\\/logo-1.jpg\",\"width\":65,\"height\":72,\"caption\":\"Iglesia Smirna\"},\"image\":{\"@id\":\"https:\\\/\\\/smirna.cl\\\/wordpress\\\/#\\\/schema\\\/logo\\\/image\\\/\"},\"sameAs\":[\"http:\\\/\\\/www.facebook.com\\\/iglesiasmirna\\\/\",\"https:\\\/\\\/www.youtube.com\\\/channel\\\/UCNLg72edfDxAGpMGOHgxXMA\"]},{\"@type\":\"Person\",\"@id\":\"https:\\\/\\\/smirna.cl\\\/wordpress\\\/#\\\/schema\\\/person\\\/0e901c14ef2d450c76b6c9af2c11feab\",\"name\":\"Webmaster\",\"image\":{\"@type\":\"ImageObject\",\"inLanguage\":\"es\",\"@id\":\"https:\\\/\\\/secure.gravatar.com\\\/avatar\\\/17bf4c70b739801d1a9c2708fe4074c5c7cfb6fb81af6bbfb877ce374a8c8514?s=96&d=mm&r=g\",\"url\":\"https:\\\/\\\/secure.gravatar.com\\\/avatar\\\/17bf4c70b739801d1a9c2708fe4074c5c7cfb6fb81af6bbfb877ce374a8c8514?s=96&d=mm&r=g\",\"contentUrl\":\"https:\\\/\\\/secure.gravatar.com\\\/avatar\\\/17bf4c70b739801d1a9c2708fe4074c5c7cfb6fb81af6bbfb877ce374a8c8514?s=96&d=mm&r=g\",\"caption\":\"Webmaster\"},\"url\":\"https:\\\/\\\/smirna.cl\\\/wordpress\\\/author\\\/jrm1hotmail-com\\\/\"}]}<\/script>\n<!-- \/ Yoast SEO plugin. -->","yoast_head_json":{"title":"Informativo Actuaci\u00f3n en Estado de Cat\u00e1strofe (H. Presbiterio) - Iglesia Smirna","description":"Hemos considerado prudente solicitar a todas las congregaciones (iglesias, grupos y locales)suspender toda actividad hasta nuevo aviso","robots":{"index":"index","follow":"follow","max-snippet":"max-snippet:-1","max-image-preview":"max-image-preview:large","max-video-preview":"max-video-preview:-1"},"canonical":"https:\/\/smirna.cl\/wordpress\/informativo-actuacion-en-estado-de-catastrofe-h-presbiterio\/","og_locale":"es_ES","og_type":"article","og_title":"Informativo Actuaci\u00f3n en Estado de Cat\u00e1strofe (H. Presbiterio) - Iglesia Smirna","og_description":"Hemos considerado prudente solicitar a todas las congregaciones (iglesias, grupos y locales)suspender toda actividad hasta nuevo aviso","og_url":"https:\/\/smirna.cl\/wordpress\/informativo-actuacion-en-estado-de-catastrofe-h-presbiterio\/","og_site_name":"Iglesia Smirna","article_publisher":"http:\/\/www.facebook.com\/iglesiasmirna\/","article_published_time":"2020-03-30T21:37:39+00:00","article_modified_time":"2020-05-24T22:55:03+00:00","og_image":[{"width":65,"height":72,"url":"https:\/\/smirna.cl\/wordpress\/wp-content\/uploads\/2017\/11\/logo-1.jpg","type":"image\/jpeg"}],"author":"Webmaster","twitter_misc":{"Escrito por":"Webmaster","Tiempo de lectura":"1 minuto"},"schema":{"@context":"https:\/\/schema.org","@graph":[{"@type":"Article","@id":"https:\/\/smirna.cl\/wordpress\/informativo-actuacion-en-estado-de-catastrofe-h-presbiterio\/#article","isPartOf":{"@id":"https:\/\/smirna.cl\/wordpress\/informativo-actuacion-en-estado-de-catastrofe-h-presbiterio\/"},"author":{"name":"Webmaster","@id":"https:\/\/smirna.cl\/wordpress\/#\/schema\/person\/0e901c14ef2d450c76b6c9af2c11feab"},"headline":"Informativo Actuaci\u00f3n en Estado de Cat\u00e1strofe (H. Presbiterio)","datePublished":"2020-03-30T21:37:39+00:00","dateModified":"2020-05-24T22:55:03+00:00","mainEntityOfPage":{"@id":"https:\/\/smirna.cl\/wordpress\/informativo-actuacion-en-estado-de-catastrofe-h-presbiterio\/"},"wordCount":227,"publisher":{"@id":"https:\/\/smirna.cl\/wordpress\/#organization"},"articleSection":["Mensajes"],"inLanguage":"es"},{"@type":"WebPage","@id":"https:\/\/smirna.cl\/wordpress\/informativo-actuacion-en-estado-de-catastrofe-h-presbiterio\/","url":"https:\/\/smirna.cl\/wordpress\/informativo-actuacion-en-estado-de-catastrofe-h-presbiterio\/","name":"Informativo Actuaci\u00f3n en Estado de Cat\u00e1strofe (H. Presbiterio) - Iglesia Smirna","isPartOf":{"@id":"https:\/\/smirna.cl\/wordpress\/#website"},"datePublished":"2020-03-30T21:37:39+00:00","dateModified":"2020-05-24T22:55:03+00:00","description":"Hemos considerado prudente solicitar a todas las congregaciones (iglesias, grupos y locales)suspender toda actividad hasta nuevo aviso","breadcrumb":{"@id":"https:\/\/smirna.cl\/wordpress\/informativo-actuacion-en-estado-de-catastrofe-h-presbiterio\/#breadcrumb"},"inLanguage":"es","potentialAction":[{"@type":"ReadAction","target":["https:\/\/smirna.cl\/wordpress\/informativo-actuacion-en-estado-de-catastrofe-h-presbiterio\/"]}]},{"@type":"BreadcrumbList","@id":"https:\/\/smirna.cl\/wordpress\/informativo-actuacion-en-estado-de-catastrofe-h-presbiterio\/#breadcrumb","itemListElement":[{"@type":"ListItem","position":1,"name":"Home","item":"https:\/\/smirna.cl\/wordpress\/"},{"@type":"ListItem","position":2,"name":"Informativo Actuaci\u00f3n en Estado de Cat\u00e1strofe (H. Presbiterio)"}]},{"@type":"WebSite","@id":"https:\/\/smirna.cl\/wordpress\/#website","url":"https:\/\/smirna.cl\/wordpress\/","name":"Iglesia Smirna","description":"Iglesia Smirna","publisher":{"@id":"https:\/\/smirna.cl\/wordpress\/#organization"},"potentialAction":[{"@type":"SearchAction","target":{"@type":"EntryPoint","urlTemplate":"https:\/\/smirna.cl\/wordpress\/?s={search_term_string}"},"query-input":{"@type":"PropertyValueSpecification","valueRequired":true,"valueName":"search_term_string"}}],"inLanguage":"es"},{"@type":"Organization","@id":"https:\/\/smirna.cl\/wordpress\/#organization","name":"Iglesia Smirna","url":"https:\/\/smirna.cl\/wordpress\/","logo":{"@type":"ImageObject","inLanguage":"es","@id":"https:\/\/smirna.cl\/wordpress\/#\/schema\/logo\/image\/","url":"http:\/\/smirna.cl\/wordpress\/wp-content\/uploads\/2017\/11\/logo-1.jpg","contentUrl":"http:\/\/smirna.cl\/wordpress\/wp-content\/uploads\/2017\/11\/logo-1.jpg","width":65,"height":72,"caption":"Iglesia Smirna"},"image":{"@id":"https:\/\/smirna.cl\/wordpress\/#\/schema\/logo\/image\/"},"sameAs":["http:\/\/www.facebook.com\/iglesiasmirna\/","https:\/\/www.youtube.com\/channel\/UCNLg72edfDxAGpMGOHgxXMA"]},{"@type":"Person","@id":"https:\/\/smirna.cl\/wordpress\/#\/schema\/person\/0e901c14ef2d450c76b6c9af2c11feab","name":"Webmaster","image":{"@type":"ImageObject","inLanguage":"es","@id":"https:\/\/secure.gravatar.com\/avatar\/17bf4c70b739801d1a9c2708fe4074c5c7cfb6fb81af6bbfb877ce374a8c8514?s=96&d=mm&r=g","url":"https:\/\/secure.gravatar.com\/avatar\/17bf4c70b739801d1a9c2708fe4074c5c7cfb6fb81af6bbfb877ce374a8c8514?s=96&d=mm&r=g","contentUrl":"https:\/\/secure.gravatar.com\/avatar\/17bf4c70b739801d1a9c2708fe4074c5c7cfb6fb81af6bbfb877ce374a8c8514?s=96&d=mm&r=g","caption":"Webmaster"},"url":"https:\/\/smirna.cl\/wordpress\/author\/jrm1hotmail-com\/"}]}},"_links":{"self":[{"href":"https:\/\/smirna.cl\/wordpress\/wp-json\/wp\/v2\/posts\/1560","targetHints":{"allow":["GET"]}}],"collection":[{"href":"https:\/\/smirna.cl\/wordpress\/wp-json\/wp\/v2\/posts"}],"about":[{"href":"https:\/\/smirna.cl\/wordpress\/wp-json\/wp\/v2\/types\/post"}],"author":[{"embeddable":true,"href":"https:\/\/smirna.cl\/wordpress\/wp-json\/wp\/v2\/users\/1"}],"replies":[{"embeddable":true,"href":"https:\/\/smirna.cl\/wordpress\/wp-json\/wp\/v2\/comments?post=1560"}],"version-history":[{"count":3,"href":"https:\/\/smirna.cl\/wordpress\/wp-json\/wp\/v2\/posts\/1560\/revisions"}],"predecessor-version":[{"id":1566,"href":"https:\/\/smirna.cl\/wordpress\/wp-json\/wp\/v2\/posts\/1560\/revisions\/1566"}],"wp:attachment":[{"href":"https:\/\/smirna.cl\/wordpress\/wp-json\/wp\/v2\/media?parent=1560"}],"wp:term":[{"taxonomy":"category","embeddable":true,"href":"https:\/\/smirna.cl\/wordpress\/wp-json\/wp\/v2\/categories?post=1560"},{"taxonomy":"post_tag","embeddable":true,"href":"https:\/\/smirna.cl\/wordpress\/wp-json\/wp\/v2\/tags?post=1560"}],"curies":[{"name":"wp","href":"https:\/\/api.w.org\/{rel}","templated":true}]}}