{"id":1450,"date":"2020-03-17T21:32:54","date_gmt":"2020-03-18T00:32:54","guid":{"rendered":"http:\/\/smirna.cl\/wordpress\/?p=1450"},"modified":"2020-07-30T09:36:50","modified_gmt":"2020-07-30T13:36:50","slug":"meditacion-sobre-el-salmo-25","status":"publish","type":"post","link":"https:\/\/smirna.cl\/wordpress\/meditacion-sobre-el-salmo-25\/","title":{"rendered":"Necesitamos la direcci\u00f3n de Dios en nuestra vida"},"content":{"rendered":"<p><em>Salmo<\/em><em> 25:<\/em><em>1\u20137<\/em><\/p>\n<p><em><sup>1\u00a0\u00a0\u00a0 <\/sup><\/em><em>A ti, oh Jehov<\/em><em>\u00e1, levantar\u00e9 mi alma.<\/em><\/p>\n<p><em><sup>2<\/sup><\/em><em>\u00a0 Dios m<\/em><em>\u00edo, en ti conf\u00edo<\/em><em>; no sea yo avergonzado, no se alegren de m\u00ed mis enemigos.<\/em><\/p>\n<p><em><sup>3\u00a0\u00a0\u00a0 <\/sup><\/em><em>Ciertamente ninguno de cuantos en ti esperan ser<\/em><em>\u00e1 confundido: ser\u00e1n avergonzados los que se rebelan sin causa.<\/em><\/p>\n<p><em><sup>4\u00a0\u00a0\u00a0 <\/sup><\/em><em>Mu<\/em><em>\u00e9strame, oh Jehov\u00e1, tus caminos; ens\u00e9\u00f1ame tus sendas.<\/em><\/p>\n<p><em><sup>5\u00a0\u00a0\u00a0 <\/sup><\/em><em>Encam<\/em><em>\u00edname en tu verdad, y ens\u00e9\u00f1ame<\/em><em>; porque t\u00fa eres el Dios de mi salud: en ti he esperado todo el d\u00eda.<\/em><\/p>\n<p><em><sup>6\u00a0\u00a0\u00a0 <\/sup><\/em><em>Acu<\/em><em>\u00e9rdate, oh Jehov\u00e1, de tus conmiseraciones y de tus misericordias, que son perpetuas.<\/em><\/p>\n<p><em><sup>7\u00a0\u00a0\u00a0 <\/sup><\/em><em>De los pecados de mi mocedad, y de mis rebeliones, no te acuerdes; conforme <\/em><em>a<\/em><em> tu misericordia acu\u00e9rdate de m\u00ed, por tu bondad, oh Jehov\u00e1.<\/em><\/p>\n<p>Este es un Salmo escrito por David en el que ruega a Dios por tres aspectos de su vida que son comunes a todos los hijos de Dios, a saber:<\/p>\n<ul>\n<li>direcci\u00f3n,<\/li>\n<li>perd\u00f3n y<\/li>\n<li>protecci\u00f3n.<\/li>\n<\/ul>\n<p>Hoy los invito a meditar en la necesidad imperiosa que tenemos los hijos de Dios de acudir a nuestro Padre Celestial para invocar su direcci\u00f3n en nuestra vida.<\/p>\n<p>David coloca el centro en su relaci\u00f3n con Dios y en c\u00f3mo ve que Dios se manifiesta. Esta es una lecci\u00f3n muy importante que debemos aprender c\u00f3mo hijos de Dios.<\/p>\n<p>Estar conscientes de la presencia de Dios en cada uno de los momentos de nuestra vida es un motivo de bendici\u00f3n pues nos permite reconocer su misericordia y bondad infinita obrando en nuestro favor. Adem\u00e1s, nos hace conscientes que nunca estamos solos, siempre Dios est\u00e1 ah\u00ed, no hay momento en nuestra vida que estemos fuera de la presencia de Dios, \u00c9l es Omnisciente.<\/p>\n<p><em><sup>1\u00a0\u00a0\u00a0 <\/sup><\/em><em>A ti, oh Jehov<\/em><em>\u00e1, levantar\u00e9 mi alma.\u00a0<\/em><\/p>\n<p>Es muy probable que este Salmo haya sido escrito por David a una edad avanzada, cuando estaba en condiciones de detenerse y mirar hacia atr\u00e1s. Es una reflexi\u00f3n hecha con la madurez que brinda el tiempo.<\/p>\n<p>El ha hecho uso del poder que le otorga su posici\u00f3n en la naci\u00f3n, es el rey y tiene la potestad de darle la orientaci\u00f3n que a \u00e9l le plazca a su vida, sin embargo, nada llena su vida como la comuni\u00f3n con su Padre Celestial.<\/p>\n<p>\u00bfQu\u00e9 es lo que llena tu alma?<\/p>\n<p>\u00bfD\u00f3nde est\u00e1s colocando tu confianza?<\/p>\n<p>\u00bfReconoces a Dios en todos tus caminos, en prosperidad y en dificultad?<\/p>\n<p>El ejemplo que nos entrega David al iniciar este Salmo es un reconocimiento de quien es el \u00fanico digno de recibir nuestra atenci\u00f3n.<\/p>\n<p>Es un reconocimiento de la misericordia de Dios que est\u00e1 dispuesto a escuchar la oraci\u00f3n de sus hijos, clamor en tiempo de dificultades y tribulaciones y gratitud en tiempos de tranquilidad y supuesta prosperidad.<\/p>\n<p>Cuando David se expresa de la manera que lo hace en el inicio de este Salmo, est\u00e1 reconociendo el poder de la oraci\u00f3n elevada con fe a nuestro Padre Celestial, es que no hay a quien m\u00e1s acudir con la seguridad de que nuestro ruego ser\u00e1 o\u00eddo y atendido.<\/p>\n<p><em>Isa<\/em><em>\u00edas<\/em><em> 40:30<\/em><em>\u201331<\/em><\/p>\n<p><em>\u201c<\/em><em>Los mancebos se fatigan y se cansan, los mozos flaquean y caen:<\/em><em> m<\/em><em>as los que esperan <\/em><em>a<\/em><em> Jehov\u00e1 tendr\u00e1n nuevas fuerzas; levantar\u00e1n las alas como \u00e1guilas; correr\u00e1n, y no se cansar\u00e1n; caminar\u00e1n, y no se fatigar\u00e1n<\/em><em>\u201d<\/em><em>.\u00a0<\/em><\/p>\n<p>Cuando el hijo de Dios retira su mirada de Dios, su vida se transforma en una pesada carga, casi insoportablemente pesada, en estas situaciones el peor error que podemos cometer es olvidarnos de Dios y pensar que tenemos que arreglar nuestra situaci\u00f3n primero y luego acudir a Dios, \u00a1qu\u00e9 error m\u00e1s grande! Es en esas situaciones que debemos elevar nuestra mirada al cielo y orar con una devoci\u00f3n que no es nuestra, el Esp\u00edritu Santo ser\u00e1 quien pida por nosotros.<\/p>\n<p><em>\u201c\u2026<\/em><em> el Esp\u00edritu ayuda nuestra flaqueza: porque qu\u00e9 hemos de pedir como conviene, no lo sabemos; sino que el mismo Esp\u00edritu pide por nosotros con gemidos<\/em> <em>indecibles<\/em><em>\u201d<\/em><em>.\u00a0<\/em><em>Rom<\/em><em>anos<\/em><em> 8:26<\/em><\/p>\n<p>En la expresi\u00f3n con la que David inicia este Salmo, podemos deducir que: si est\u00e1 reconociendo que debe levantar su alma a Dios es porque ha vivido momentos de abatimiento. Esta situaci\u00f3n es com\u00fan a todos nosotros, el pecado oprime el coraz\u00f3n del hijo de Dios, Satan\u00e1s, el mundo y nuestra propia carne hacen todo lo posible para que nuestra alma tome distancia de Dios, por esta raz\u00f3n la Palabra de Dios nos aconseja:<\/p>\n<p><em>1<\/em><em>\u00aa Juan<\/em><em> 2:15<\/em><em>\u201317<\/em><\/p>\n<p><em>\u201cN<\/em><em>o am<\/em><em>\u00e9is al mundo, ni las cosas que est\u00e1n en el mundo. Si alguno ama al mundo, el amor del Padre no est\u00e1 en \u00e9l.<\/em><\/p>\n<p><em>Porque todo lo que hay en el mundo, la concupiscencia de la carne, y la concupiscencia de los ojos, y la soberbia de la vida, no es del Padre, mas es del mundo.<\/em><\/p>\n<p><em>Y el mundo se pasa, y su concupiscencia; mas el que hace la voluntad de Dios, permanece para siempre<\/em><em>\u201d<\/em><em>.<\/em><\/p>\n<p>En esas circunstancias es que debemos recordar las palabras de <em>Isa\u00edas 40:30 y 31 \u201c<\/em><em>los que esperan <\/em><em>a<\/em><em> Jehov\u00e1 tendr\u00e1n nuevas fuerzas; levantar\u00e1n las alas como \u00e1guilas; correr\u00e1n, y no se cansar\u00e1n; caminar\u00e1n, y no se fatigar\u00e1n<\/em><em>\u201d<\/em><em>.<\/em><\/p>\n<p>Es obvio que en momentos de dificultad vemos todo escuro y borroso, sin embargo, la historia por un lado y nuestra propia experiencia nos muestra que, aunque la noche est\u00e9 en completa oscuridad, podemos asirnos a lo mismo que David se aferr\u00f3:<\/p>\n<p><em><sup>2<\/sup><\/em><em>\u00a0 Dios m<\/em><em>\u00edo, en ti conf\u00edo<\/em><em>.<\/em><\/p>\n<p>Esta expresi\u00f3n est\u00e1 llena de fe. Es el elemento que nos une a Dios. Es un regalo que Dios ha puesto en nuestro coraz\u00f3n, lo hizo al momento de obrar nuestra salvaci\u00f3n (<em>Efe<\/em><em>sios<\/em><em> 2:8\u00a0<\/em><em>\u201c<\/em><em>Porque por gracia sois salvos por la fe; y esto no de vosotros, pues es don de Dios<\/em><em>\u201d<\/em>). Ahora, Dios espera que nuestra fe sea una fe sana y fuerte, una fe cuyo sustento es la Palabra de Dios y sus ense\u00f1anzas. De otro modo, nuestras oraciones ser\u00e1n ineficaces.<\/p>\n<p><em>Efesios<\/em><em> 6:18<\/em><\/p>\n<p><em>\u201c<\/em><em>Orando en todo tiempo con toda deprecaci<\/em><em>\u00f3n y s\u00faplica en el Esp\u00edritu, y velando en ello con toda instancia y suplicaci\u00f3n por todos los santos<\/em><em>\u201d.<\/em><em>\u00a0<\/em><\/p>\n<p>Al expresarse David de esta manera, lo que est\u00e1 haciendo es reconocer su incapacidad para andar por los caminos de Dios, por s\u00ed solo, sin la direcci\u00f3n de Dios mismo. A pesar de la adversidad, como hijo de Dios, se revela a bajar la mirada a tierra, aunque le faltan las fuerzas propias para volver su mirada al cielo, se sobrepone y vuelca a Dios toda su confianza, no olvidemos las palabras de exhortaci\u00f3n de Pablo a los corintios: <em>\u201c<\/em><em>\u2026<\/em><em>mas ya sois lavados, mas ya sois santificados, mas ya sois justificados en el nombre del Se<\/em><em>\u00f1or Jes\u00fas, y por el Esp\u00edritu de nuestro Dios<\/em><em>\u201d<\/em><em>\u00a0<\/em><em>1<\/em><em>\u00aa <\/em><em>Co<\/em><em>rintios<\/em><em> 6:11<\/em><\/p>\n<p>Reflexionando en esto Carlos Spurgeon escribe: \u201c\u00bfQu\u00e9 defensa tendr\u00e1 el que no halla defensa en su Dios?\u201d<\/p>\n<p><em><sup>3\u00a0\u00a0\u00a0 <\/sup><\/em><em>Ciertamente ninguno de cuantos en ti esperan ser<\/em><em>\u00e1 confundido<\/em><em>.<\/em><\/p>\n<p>Aunque hay momentos de oscuridad aparente en la vida de los hijos de Dios, en ning\u00fan momento estamos fuera del alcance de la mano protectora de nuestro Padre Celestial.<\/p>\n<p><em>Salmo<\/em><em> 23:4<\/em><\/p>\n<p><em>\u201c<\/em><em>Aunque ande en valle de sombra de muerte, no temer<\/em><em>\u00e9 mal alguno; porque t\u00fa estar\u00e1s conmigo: tu vara y tu cayado me infundir\u00e1n aliento<\/em><em>\u201d<\/em><em>.\u00a0<\/em><\/p>\n<p><em>Salmo<\/em><em> 91:1<\/em><em>\u20137<\/em><\/p>\n<p><em>\u201c<\/em><em>E<\/em><em>l <\/em><em>que habita al abrigo del Alt<\/em><em>\u00edsimo, morar\u00e1 bajo la sombra del Omnipotente.<\/em><\/p>\n<p><em>Dir<\/em><em>\u00e9 yo <\/em><em>a<\/em><em> Jehov\u00e1: Esperanza m\u00eda, y castillo m\u00edo; mi Dios, en \u00e9l confiar\u00e9.<\/em><\/p>\n<p><em>Y <\/em><em>\u00e9l te librar\u00e1 del lazo del cazador: de la peste destruidora.<\/em><\/p>\n<p><em>Con sus plumas te cubrir<\/em><em>\u00e1, y debajo de sus alas estar\u00e1s seguro: escudo y adarga es su verdad.<\/em><\/p>\n<p><em>No tendr<\/em><em>\u00e1s temor de espanto nocturno, ni de saeta que vuele de d\u00eda;\u00a0<\/em><em>n<\/em><em>i de pestilencia que ande en oscuridad, ni de mortandad que en medio del d<\/em><em>\u00eda destruya.<\/em><\/p>\n<p><em>Caer<\/em><em>\u00e1n <\/em><em>a<\/em><em> tu lado mil, y diez mil <\/em><em>a<\/em><em> tu diestra: <\/em><em>mas<\/em> <em>a<\/em><em> ti no llegar\u00e1<\/em><em>\u201d<\/em><em>.<\/em><\/p>\n<p>Tenemos un Padre Celestial digno de toda nuestra confianza. Mientras el mundo vaga en incertidumbre absoluta, los hijos de Dios tenemos una certeza que no responde a una sugesti\u00f3n ficticia, sino que, a la obra de Dios en nuestro coraz\u00f3n, es una obra sobrenatural que Dios ejerce en cada uno de sus hijos, que, aunque tenemos conciencia de nuestra realidad natural, podemos exclamar con Pablo:<\/p>\n<p><em>Romanos <\/em><em>7:24<\/em><em>\u201325<\/em><\/p>\n<p><em>\u201c<\/em><em>\u00a1Miserable hombre de m\u00ed! \u00bfqui\u00e9n me librar\u00e1 del cuerpo de esta muerte?<\/em><\/p>\n<p><em>Gracias doy <\/em><em>a<\/em><em> Dios, por Jesucristo<\/em> <em>Se\u00f1or nuestro<\/em><em>\u201d<\/em><em>. <\/em><\/p>\n<p><em><sup>4\u00a0\u00a0\u00a0 <\/sup><\/em><em>Mu<\/em><em>\u00e9strame, oh Jehov\u00e1, tus caminos; ens\u00e9\u00f1ame tus sendas.<\/em><\/p>\n<p>Si David pide en su oraci\u00f3n que Dios le muestre sus caminos para \u00e9l, podemos concluir que estaba enfrentado a m\u00e1s de un camino, y esta es una realidad de cada hijo de Dios.<\/p>\n<p><em>Proverbios<\/em><em> 4:14<\/em><em>\u201320<\/em><\/p>\n<p><em>\u201c<\/em><em>No entres por la vereda de los imp<\/em><em>\u00edos, ni vayas por el camino de los malos.\u00a0<\/em><\/p>\n<p><em>Desamp<\/em><em>\u00e1rala, no pases por ella; ap\u00e1rtate de ella, pasa.\u00a0<\/em><\/p>\n<p><em>Porque no duermen ellos, si no hicieren mal; y pierden su sue<\/em><em>\u00f1o, si no han hecho caer.\u00a0<\/em><\/p>\n<p><em>Porque comen pan de maldad, y beben vino de robos.\u00a0<\/em><\/p>\n<p><em>Mas la senda de los justos es como la luz de la aurora, que va en aumento hasta que el d<\/em><em>\u00eda es perfecto.\u00a0<\/em><\/p>\n<p><em>El camino de los imp<\/em><em>\u00edos es como la oscuridad: no saben en qu\u00e9 tropiezan.\u00a0<\/em><\/p>\n<p><em>Hijo m<\/em><em>\u00edo, est\u00e1 atento <\/em><em>a<\/em><em> mis palabras; inclina tu o\u00eddo <\/em><em>a<\/em><em> mis razones<\/em><em>\u201d<\/em><em>.\u00a0<\/em><\/p>\n<p>Existen los caminos de Dios y los caminos de los hombres, las sendas de justicia y las de pecado. Est\u00e1n los caminos de Dios y mis caminos, mientras mis caminos est\u00e1n plagados de error y pecado, los caminos de Dios nos permiten ver la gracia de Dios obrando en nuestro favor, nos llevan al cielo, nos muestran la Soberan\u00eda de Dios y su bien obrando en favor de su pueblo.<\/p>\n<p>Pablo nos invita a buscar los caminos del Se\u00f1or al escribir:<\/p>\n<p><em>Efesios<\/em><em> 2:10<\/em><\/p>\n<p><em>\u201c<\/em><em>Porque somos hechura suya, criados en Cristo Jes<\/em><em>\u00fas para buenas obras, las cuales Dios prepar\u00f3 para que anduvi\u00e9semos en ellas<\/em><em>\u201d<\/em><em>.\u00a0<\/em><\/p>\n<p>El desaf\u00edo que nos plantea David, a cada uno de nosotros, es a disponernos activamente a buscar los caminos que Dios tiene preparado para cada uno de nosotros. Si nos ponemos en las manos de Dios, debemos estar dispuestos a aceptar lo que Dios nos mostrar\u00e1, por medio de su Palabra, como respuesta a nuestras oraciones e incluso por los consejos que nuestros hermanos de la Congregaci\u00f3n nos entreguen.<\/p>\n<p>No olvidemos que de todos los caminos que se nos presentan en la vida s\u00f3lo hay uno que es el correcto y el que debemos hacer. Dios no lo prepar\u00f3 para mantenerlo en secreto, lo hizo para revelarlo a nuestro coraz\u00f3n, busquemos con esmero en oraci\u00f3n el camino de Dios para nuestra vida.<\/p>\n<p><em>Deuteronomio<\/em><em> 8:1<\/em><em>\u20136<\/em><\/p>\n<p><em>\u201c<\/em><em>Cuidar<\/em><em>\u00e9is de poner por obra todo mandamiento que yo os ordeno hoy, porque viv\u00e1is, y se\u00e1is multiplicados, y entr\u00e9is, y pose\u00e1is la tierra, de la cual jur\u00f3 Jehov\u00e1 <\/em><em>a<\/em><em> vuestros padres.<\/em><\/p>\n<p><em>Y acordarte has de todo el camino por donde te ha tra<\/em><em>\u00eddo Jehov\u00e1 tu Dios estos cuarenta a\u00f1os en el desierto, para afligirte, por probarte, para saber lo que estaba en tu coraz\u00f3n, si hab\u00edas de guardar <\/em><em>o<\/em><em> no sus mandamientos.<\/em><\/p>\n<p><em>Y te afligi<\/em><em>\u00f3, <\/em><em>e<\/em><em> h\u00edzote tener hambre, y te sustent\u00f3 con man\u00e1, <\/em><em>comida<\/em><em> que no conoc<\/em><em>\u00edas t\u00fa, ni tus padres la hab\u00edan conocido; para hacerte saber que el hombre no vivir\u00e1 de solo pan, mas de todo lo que sale de la boca de Jehov\u00e1 vivir\u00e1 el hombre.<\/em><\/p>\n<p><em>Tu vestido nunca se envejeci<\/em><em>\u00f3 sobre ti, ni el pie se te ha hinchado por estos cuarenta a\u00f1os.<\/em><\/p>\n<p><em>Reconoce asimismo en tu coraz<\/em><em>\u00f3n, que como castiga el hombre <\/em><em>a<\/em><em> su hijo, as\u00ed Jehov\u00e1 tu Dios te castiga.<\/em><\/p>\n<p><em>Guardar<\/em><em>\u00e1s, pues, los mandamientos de Jehov\u00e1 tu Dios, andando en sus caminos, y temi\u00e9ndolo<\/em><em>\u201d<\/em><em>.<\/em><\/p>\n<p>La sabidur\u00eda infinita de Dios vela en nuestro favor, est\u00e1 dispuesto a guiar nuestra vida por sus senderos. Nuestra vida es el tiempo de preparaci\u00f3n que Dios nos ha dado para alistarnos para la eternidad junto a \u00c9l.<\/p>\n<p>Cuando David pide al Se\u00f1or: <em>\u201cMu\u00e9strame tus caminos\u201d<\/em> est\u00e1 pidiendo con plena conciencia que es muy posible que el camino del Se\u00f1or ser\u00e1 diferente a lo que \u00e9l espera para s\u00ed mismo.<\/p>\n<p><em>Isa\u00edas<\/em><em> 55:6<\/em><em>\u20139<\/em><\/p>\n<p><em>\u201c<\/em><em>Buscad <\/em><em>a<\/em><em> Jehov\u00e1 mientras puede ser hallado, llamadle en tanto que est\u00e1 cercano.<\/em><\/p>\n<p><em>Deje el imp<\/em><em>\u00edo su camino, y el hombre inicuo sus pensamientos; y vu\u00e9lvase <\/em><em>a<\/em><em> Jehov\u00e1, el cual tendr\u00e1 de \u00e9l misericordia, y al Dios nuestro, el cual ser\u00e1 amplio en perdonar.<\/em><\/p>\n<p><em>Porque mis pensamientos no son vuestros pensamientos, ni vuestros caminos mis caminos, dijo Jehov<\/em><em>\u00e1.<\/em><\/p>\n<p><em>Como son m<\/em><em>\u00e1s altos los cielos que la tierra, as\u00ed son mis caminos m\u00e1s altos que vuestros caminos, y mis pensamientos m\u00e1s que vuestros pensamientos<\/em><em>\u201d<\/em><em>.\u00a0<\/em><\/p>\n<p>Aqu\u00ed esta la raz\u00f3n de la petici\u00f3n de David. Es una petici\u00f3n valiente que Dios espera est\u00e9 presente en cada uno de sus hijos.<\/p>\n<p><em>Salmo <\/em><em>17:5<\/em><em> \u201c<\/em><em>Sustenta mis pasos en tus caminos, porque mis pies no resbalen<\/em><em>\u201d<\/em><em>.<\/em><\/p>\n<p>Las sendas del Se\u00f1or son elevadas e inalcanzables para el hombre que piensa que los puede seguir sin depender totalmente de Dios.<\/p>\n<p><em><sup>5<\/sup><\/em><em><sup>a<\/sup><\/em><em><sup>\u00a0 <\/sup><\/em><em>Encam<\/em><em>\u00edname en tu verdad, y ens\u00e9\u00f1ame<\/em><em>.<\/em><\/p>\n<p>Hermanos, esta insistencia de David nos habla de la incapacidad que tenemos para hallar, por nosotros mismos, los caminos de Dios, ya hemos visto que Isa\u00edas nos instruye en lo elevado que son los caminos de Dios para nosotros pecadores.<\/p>\n<p>David era un hombre sabio, de amplios conocimientos, sin embargo, cuando se trata de los caminos del Se\u00f1or, expresa su incapacidad de dar con ellos por s\u00ed mismo, es que si Dios no se revela a nuestro coraz\u00f3n no hay forma en que el ser humano pueda llegar a \u00c9l.<\/p>\n<ul>\n<li><em><u>Mu<\/u><\/em><em><u>\u00e9strame, oh Jehov\u00e1, tus caminos<\/u><\/em><em>.<\/em><\/li>\n<li><em><u>Ens\u00e9\u00f1ame<\/u><\/em><em><u> tus sendas<\/u><\/em><em>.<\/em><\/li>\n<li><em><u>Encam<\/u><\/em><em><u>\u00edname en tu verdad<\/u><\/em><em>, y <\/em><\/li>\n<li><em><u>Ens\u00e9\u00f1ame<\/u><\/em><em>.<\/em><\/li>\n<\/ul>\n<p>La conciencia de su propia incapacidad lleva a David a implorar cuatro veces por la direcci\u00f3n de su vida por parte de Dios. Esta es una lecci\u00f3n de gran valor para cada uno de nosotros. Dios espera nuestra determinaci\u00f3n firme de andar por sus caminos y eso incluye nuestra persistencia en la oraci\u00f3n demandando de Dios su gu\u00eda y direcci\u00f3n diaria.<\/p>\n<p><em><sup>5b<\/sup><\/em> <em>porque t\u00fa eres el Dios de mi salud: en ti he esperado todo el d\u00eda.<\/em><\/p>\n<p>S\u00f3lo en Dios tenemos salvaci\u00f3n de nuestra alma. Nuestra alma es eterna, inmortal, y solamente hay dos destinos posibles para vivir esa eternidad. Dios hizo todo lo necesario para que vivamos esa eternidad junto a \u00c9l, \u00c9l es el Dios de nuestra salvaci\u00f3n, <em>\u201cla salvaci\u00f3n pertenece a Jehov\u00e1\u201d Jon\u00e1s 2:10<\/em> es exclusiva de \u00c9l.<\/p>\n<p><em>\u201c<\/em><em>Y en ning<\/em><em>\u00fan otro hay salud; porque no hay otro nombre debajo del cielo, dado <\/em><em>a<\/em><em> los hombres, en que podamos ser salvos<\/em><em>\u201d<\/em><em>.\u00a0<\/em><em>Hechos 4:12<\/em><\/p>\n<p>Podemos poner toda nuestra confianza en el Se\u00f1or, \u00c9l ha dado muestras de merecerla y de ser fiel a toda prueba, puso la vida de si Hijo por nosotros, cuando nosotros est\u00e1bamos en el bando de sus enemigos, por su Soberana Voluntad nos escogi\u00f3 desde antes que fuese el mundo y hasta hoy nos gu\u00eda y protege en todo momento. Pablo reconoce esto y escribe a los G\u00e1latas: <em>\u201c<\/em><em>Mas cuando plugo <\/em><em>a<\/em><em> Dios, que me apart\u00f3 desde el vientre de mi madre, y me llam\u00f3 por su gracia<\/em><em>&#8230;\u201d<\/em><em>\u00a0<\/em><em>G<\/em><em>\u00e1l<\/em><em>atas<\/em><em> 1:15<\/em>, la misericordia de Dios por nosotros es infinita y maravillosa por lo que obra en nuestro favor, f\u00edjense hasta d\u00f3nde llega: <em>\u201c<\/em><em>Si fu\u00e9remos infieles, \u00e9l permanece fiel: no se puede negar <\/em><em>a<\/em><em> s\u00ed mismo<\/em><em>\u201d <\/em><em>2<\/em><em>\u00aa Timoteo <\/em><em>2:13<\/em>.<\/p>\n<p>Podemos esperar en Dios todo el d\u00eda, todo el tiempo, en cada momento de nuestra vida, porque \u00c9l, a pesar de nuestras debilidades y afectos pecaminosos que afloran tan a menudo en nuestro diario vivir, permanece fiel.<\/p>\n<p>Exclamemos junto a Pablo, que meditando en el poder del evangelio de Cristo concluye con esta expresi\u00f3n: <em>\u201cGracias a Dios por su don inefable\u201d.\u00a02\u00aa Corintios 9:15<\/em>.<\/p>\n","protected":false},"excerpt":{"rendered":"<p>Salmo 25:1\u20137 1\u00a0\u00a0\u00a0 A ti, oh Jehov\u00e1, levantar\u00e9 mi alma. 2\u00a0 Dios m\u00edo, en ti conf\u00edo; no sea yo avergonzado, no se alegren de m\u00ed mis enemigos. 3\u00a0\u00a0\u00a0 Ciertamente ninguno de cuantos en ti esperan ser\u00e1 confundido: ser\u00e1n avergonzados los que se rebelan sin causa. 4\u00a0\u00a0\u00a0 Mu\u00e9strame, oh Jehov\u00e1, tus caminos; ens\u00e9\u00f1ame tus sendas. 5\u00a0\u00a0\u00a0 [&hellip;]<\/p>\n","protected":false},"author":6,"featured_media":0,"comment_status":"closed","ping_status":"open","sticky":false,"template":"","format":"standard","meta":{"_monsterinsights_skip_tracking":false,"_monsterinsights_sitenote_active":false,"_monsterinsights_sitenote_note":"","_monsterinsights_sitenote_category":0,"__cvm_playback_settings":[],"__cvm_video_id":"","footnotes":""},"categories":[11],"tags":[],"class_list":["post-1450","post","type-post","status-publish","format-standard","hentry","category-mensajes"],"yoast_head":"<!-- This site is optimized with the Yoast SEO plugin v27.5 - https:\/\/yoast.com\/product\/yoast-seo-wordpress\/ -->\n<title>Necesitamos la direcci\u00f3n de Dios en nuestra vida - Iglesia Smirna<\/title>\n<meta name=\"description\" content=\"Meditaci\u00f3n sobre el Salmo 25. Por hno. Alvar Carre\u00f1o para ser utilizado en el primer culto en hogar durante la epidemia de COVID-19\" \/>\n<meta name=\"robots\" content=\"index, follow, max-snippet:-1, max-image-preview:large, max-video-preview:-1\" \/>\n<link rel=\"canonical\" href=\"https:\/\/smirna.cl\/wordpress\/meditacion-sobre-el-salmo-25\/\" \/>\n<meta property=\"og:locale\" content=\"es_ES\" \/>\n<meta property=\"og:type\" content=\"article\" \/>\n<meta property=\"og:title\" content=\"Necesitamos la direcci\u00f3n de Dios en nuestra vida - Iglesia Smirna\" \/>\n<meta property=\"og:description\" content=\"Meditaci\u00f3n sobre el Salmo 25. Por hno. Alvar Carre\u00f1o para ser utilizado en el primer culto en hogar durante la epidemia de COVID-19\" \/>\n<meta property=\"og:url\" content=\"https:\/\/smirna.cl\/wordpress\/meditacion-sobre-el-salmo-25\/\" \/>\n<meta property=\"og:site_name\" content=\"Iglesia Smirna\" \/>\n<meta property=\"article:publisher\" content=\"http:\/\/www.facebook.com\/iglesiasmirna\/\" \/>\n<meta property=\"article:published_time\" content=\"2020-03-18T00:32:54+00:00\" \/>\n<meta property=\"article:modified_time\" content=\"2020-07-30T13:36:50+00:00\" \/>\n<meta property=\"og:image\" content=\"https:\/\/smirna.cl\/wordpress\/wp-content\/uploads\/2017\/11\/logo-1.jpg\" \/>\n\t<meta property=\"og:image:width\" content=\"65\" \/>\n\t<meta property=\"og:image:height\" content=\"72\" \/>\n\t<meta property=\"og:image:type\" content=\"image\/jpeg\" \/>\n<meta name=\"author\" content=\"Alvar\" \/>\n<meta name=\"twitter:label1\" content=\"Escrito por\" \/>\n\t<meta name=\"twitter:data1\" content=\"Alvar\" \/>\n\t<meta name=\"twitter:label2\" content=\"Tiempo de lectura\" \/>\n\t<meta name=\"twitter:data2\" content=\"14 minutos\" \/>\n<script type=\"application\/ld+json\" class=\"yoast-schema-graph\">{\"@context\":\"https:\\\/\\\/schema.org\",\"@graph\":[{\"@type\":\"Article\",\"@id\":\"https:\\\/\\\/smirna.cl\\\/wordpress\\\/meditacion-sobre-el-salmo-25\\\/#article\",\"isPartOf\":{\"@id\":\"https:\\\/\\\/smirna.cl\\\/wordpress\\\/meditacion-sobre-el-salmo-25\\\/\"},\"author\":{\"name\":\"Alvar\",\"@id\":\"https:\\\/\\\/smirna.cl\\\/wordpress\\\/#\\\/schema\\\/person\\\/758e80fb538318f4e473fed77d141bb2\"},\"headline\":\"Necesitamos la direcci\u00f3n de Dios en nuestra vida\",\"datePublished\":\"2020-03-18T00:32:54+00:00\",\"dateModified\":\"2020-07-30T13:36:50+00:00\",\"mainEntityOfPage\":{\"@id\":\"https:\\\/\\\/smirna.cl\\\/wordpress\\\/meditacion-sobre-el-salmo-25\\\/\"},\"wordCount\":2741,\"publisher\":{\"@id\":\"https:\\\/\\\/smirna.cl\\\/wordpress\\\/#organization\"},\"articleSection\":[\"Mensajes\"],\"inLanguage\":\"es\"},{\"@type\":\"WebPage\",\"@id\":\"https:\\\/\\\/smirna.cl\\\/wordpress\\\/meditacion-sobre-el-salmo-25\\\/\",\"url\":\"https:\\\/\\\/smirna.cl\\\/wordpress\\\/meditacion-sobre-el-salmo-25\\\/\",\"name\":\"Necesitamos la direcci\u00f3n de Dios en nuestra vida - Iglesia Smirna\",\"isPartOf\":{\"@id\":\"https:\\\/\\\/smirna.cl\\\/wordpress\\\/#website\"},\"datePublished\":\"2020-03-18T00:32:54+00:00\",\"dateModified\":\"2020-07-30T13:36:50+00:00\",\"description\":\"Meditaci\u00f3n sobre el Salmo 25. Por hno. Alvar Carre\u00f1o para ser utilizado en el primer culto en hogar durante la epidemia de COVID-19\",\"breadcrumb\":{\"@id\":\"https:\\\/\\\/smirna.cl\\\/wordpress\\\/meditacion-sobre-el-salmo-25\\\/#breadcrumb\"},\"inLanguage\":\"es\",\"potentialAction\":[{\"@type\":\"ReadAction\",\"target\":[\"https:\\\/\\\/smirna.cl\\\/wordpress\\\/meditacion-sobre-el-salmo-25\\\/\"]}]},{\"@type\":\"BreadcrumbList\",\"@id\":\"https:\\\/\\\/smirna.cl\\\/wordpress\\\/meditacion-sobre-el-salmo-25\\\/#breadcrumb\",\"itemListElement\":[{\"@type\":\"ListItem\",\"position\":1,\"name\":\"Home\",\"item\":\"https:\\\/\\\/smirna.cl\\\/wordpress\\\/\"},{\"@type\":\"ListItem\",\"position\":2,\"name\":\"Necesitamos la direcci\u00f3n de Dios en nuestra vida\"}]},{\"@type\":\"WebSite\",\"@id\":\"https:\\\/\\\/smirna.cl\\\/wordpress\\\/#website\",\"url\":\"https:\\\/\\\/smirna.cl\\\/wordpress\\\/\",\"name\":\"Iglesia Smirna\",\"description\":\"Iglesia Smirna\",\"publisher\":{\"@id\":\"https:\\\/\\\/smirna.cl\\\/wordpress\\\/#organization\"},\"potentialAction\":[{\"@type\":\"SearchAction\",\"target\":{\"@type\":\"EntryPoint\",\"urlTemplate\":\"https:\\\/\\\/smirna.cl\\\/wordpress\\\/?s={search_term_string}\"},\"query-input\":{\"@type\":\"PropertyValueSpecification\",\"valueRequired\":true,\"valueName\":\"search_term_string\"}}],\"inLanguage\":\"es\"},{\"@type\":\"Organization\",\"@id\":\"https:\\\/\\\/smirna.cl\\\/wordpress\\\/#organization\",\"name\":\"Iglesia Smirna\",\"url\":\"https:\\\/\\\/smirna.cl\\\/wordpress\\\/\",\"logo\":{\"@type\":\"ImageObject\",\"inLanguage\":\"es\",\"@id\":\"https:\\\/\\\/smirna.cl\\\/wordpress\\\/#\\\/schema\\\/logo\\\/image\\\/\",\"url\":\"http:\\\/\\\/smirna.cl\\\/wordpress\\\/wp-content\\\/uploads\\\/2017\\\/11\\\/logo-1.jpg\",\"contentUrl\":\"http:\\\/\\\/smirna.cl\\\/wordpress\\\/wp-content\\\/uploads\\\/2017\\\/11\\\/logo-1.jpg\",\"width\":65,\"height\":72,\"caption\":\"Iglesia Smirna\"},\"image\":{\"@id\":\"https:\\\/\\\/smirna.cl\\\/wordpress\\\/#\\\/schema\\\/logo\\\/image\\\/\"},\"sameAs\":[\"http:\\\/\\\/www.facebook.com\\\/iglesiasmirna\\\/\",\"https:\\\/\\\/www.youtube.com\\\/channel\\\/UCNLg72edfDxAGpMGOHgxXMA\"]},{\"@type\":\"Person\",\"@id\":\"https:\\\/\\\/smirna.cl\\\/wordpress\\\/#\\\/schema\\\/person\\\/758e80fb538318f4e473fed77d141bb2\",\"name\":\"Alvar\",\"image\":{\"@type\":\"ImageObject\",\"inLanguage\":\"es\",\"@id\":\"https:\\\/\\\/secure.gravatar.com\\\/avatar\\\/3432f1e15d5165fcaf7571cd206e2dffdd2ffa088f64f1a054660285e4ec2e2d?s=96&d=mm&r=g\",\"url\":\"https:\\\/\\\/secure.gravatar.com\\\/avatar\\\/3432f1e15d5165fcaf7571cd206e2dffdd2ffa088f64f1a054660285e4ec2e2d?s=96&d=mm&r=g\",\"contentUrl\":\"https:\\\/\\\/secure.gravatar.com\\\/avatar\\\/3432f1e15d5165fcaf7571cd206e2dffdd2ffa088f64f1a054660285e4ec2e2d?s=96&d=mm&r=g\",\"caption\":\"Alvar\"},\"url\":\"https:\\\/\\\/smirna.cl\\\/wordpress\\\/author\\\/alvar\\\/\"}]}<\/script>\n<!-- \/ Yoast SEO plugin. -->","yoast_head_json":{"title":"Necesitamos la direcci\u00f3n de Dios en nuestra vida - Iglesia Smirna","description":"Meditaci\u00f3n sobre el Salmo 25. Por hno. Alvar Carre\u00f1o para ser utilizado en el primer culto en hogar durante la epidemia de COVID-19","robots":{"index":"index","follow":"follow","max-snippet":"max-snippet:-1","max-image-preview":"max-image-preview:large","max-video-preview":"max-video-preview:-1"},"canonical":"https:\/\/smirna.cl\/wordpress\/meditacion-sobre-el-salmo-25\/","og_locale":"es_ES","og_type":"article","og_title":"Necesitamos la direcci\u00f3n de Dios en nuestra vida - Iglesia Smirna","og_description":"Meditaci\u00f3n sobre el Salmo 25. Por hno. Alvar Carre\u00f1o para ser utilizado en el primer culto en hogar durante la epidemia de COVID-19","og_url":"https:\/\/smirna.cl\/wordpress\/meditacion-sobre-el-salmo-25\/","og_site_name":"Iglesia Smirna","article_publisher":"http:\/\/www.facebook.com\/iglesiasmirna\/","article_published_time":"2020-03-18T00:32:54+00:00","article_modified_time":"2020-07-30T13:36:50+00:00","og_image":[{"width":65,"height":72,"url":"https:\/\/smirna.cl\/wordpress\/wp-content\/uploads\/2017\/11\/logo-1.jpg","type":"image\/jpeg"}],"author":"Alvar","twitter_misc":{"Escrito por":"Alvar","Tiempo de lectura":"14 minutos"},"schema":{"@context":"https:\/\/schema.org","@graph":[{"@type":"Article","@id":"https:\/\/smirna.cl\/wordpress\/meditacion-sobre-el-salmo-25\/#article","isPartOf":{"@id":"https:\/\/smirna.cl\/wordpress\/meditacion-sobre-el-salmo-25\/"},"author":{"name":"Alvar","@id":"https:\/\/smirna.cl\/wordpress\/#\/schema\/person\/758e80fb538318f4e473fed77d141bb2"},"headline":"Necesitamos la direcci\u00f3n de Dios en nuestra vida","datePublished":"2020-03-18T00:32:54+00:00","dateModified":"2020-07-30T13:36:50+00:00","mainEntityOfPage":{"@id":"https:\/\/smirna.cl\/wordpress\/meditacion-sobre-el-salmo-25\/"},"wordCount":2741,"publisher":{"@id":"https:\/\/smirna.cl\/wordpress\/#organization"},"articleSection":["Mensajes"],"inLanguage":"es"},{"@type":"WebPage","@id":"https:\/\/smirna.cl\/wordpress\/meditacion-sobre-el-salmo-25\/","url":"https:\/\/smirna.cl\/wordpress\/meditacion-sobre-el-salmo-25\/","name":"Necesitamos la direcci\u00f3n de Dios en nuestra vida - Iglesia Smirna","isPartOf":{"@id":"https:\/\/smirna.cl\/wordpress\/#website"},"datePublished":"2020-03-18T00:32:54+00:00","dateModified":"2020-07-30T13:36:50+00:00","description":"Meditaci\u00f3n sobre el Salmo 25. Por hno. Alvar Carre\u00f1o para ser utilizado en el primer culto en hogar durante la epidemia de COVID-19","breadcrumb":{"@id":"https:\/\/smirna.cl\/wordpress\/meditacion-sobre-el-salmo-25\/#breadcrumb"},"inLanguage":"es","potentialAction":[{"@type":"ReadAction","target":["https:\/\/smirna.cl\/wordpress\/meditacion-sobre-el-salmo-25\/"]}]},{"@type":"BreadcrumbList","@id":"https:\/\/smirna.cl\/wordpress\/meditacion-sobre-el-salmo-25\/#breadcrumb","itemListElement":[{"@type":"ListItem","position":1,"name":"Home","item":"https:\/\/smirna.cl\/wordpress\/"},{"@type":"ListItem","position":2,"name":"Necesitamos la direcci\u00f3n de Dios en nuestra vida"}]},{"@type":"WebSite","@id":"https:\/\/smirna.cl\/wordpress\/#website","url":"https:\/\/smirna.cl\/wordpress\/","name":"Iglesia Smirna","description":"Iglesia Smirna","publisher":{"@id":"https:\/\/smirna.cl\/wordpress\/#organization"},"potentialAction":[{"@type":"SearchAction","target":{"@type":"EntryPoint","urlTemplate":"https:\/\/smirna.cl\/wordpress\/?s={search_term_string}"},"query-input":{"@type":"PropertyValueSpecification","valueRequired":true,"valueName":"search_term_string"}}],"inLanguage":"es"},{"@type":"Organization","@id":"https:\/\/smirna.cl\/wordpress\/#organization","name":"Iglesia Smirna","url":"https:\/\/smirna.cl\/wordpress\/","logo":{"@type":"ImageObject","inLanguage":"es","@id":"https:\/\/smirna.cl\/wordpress\/#\/schema\/logo\/image\/","url":"http:\/\/smirna.cl\/wordpress\/wp-content\/uploads\/2017\/11\/logo-1.jpg","contentUrl":"http:\/\/smirna.cl\/wordpress\/wp-content\/uploads\/2017\/11\/logo-1.jpg","width":65,"height":72,"caption":"Iglesia Smirna"},"image":{"@id":"https:\/\/smirna.cl\/wordpress\/#\/schema\/logo\/image\/"},"sameAs":["http:\/\/www.facebook.com\/iglesiasmirna\/","https:\/\/www.youtube.com\/channel\/UCNLg72edfDxAGpMGOHgxXMA"]},{"@type":"Person","@id":"https:\/\/smirna.cl\/wordpress\/#\/schema\/person\/758e80fb538318f4e473fed77d141bb2","name":"Alvar","image":{"@type":"ImageObject","inLanguage":"es","@id":"https:\/\/secure.gravatar.com\/avatar\/3432f1e15d5165fcaf7571cd206e2dffdd2ffa088f64f1a054660285e4ec2e2d?s=96&d=mm&r=g","url":"https:\/\/secure.gravatar.com\/avatar\/3432f1e15d5165fcaf7571cd206e2dffdd2ffa088f64f1a054660285e4ec2e2d?s=96&d=mm&r=g","contentUrl":"https:\/\/secure.gravatar.com\/avatar\/3432f1e15d5165fcaf7571cd206e2dffdd2ffa088f64f1a054660285e4ec2e2d?s=96&d=mm&r=g","caption":"Alvar"},"url":"https:\/\/smirna.cl\/wordpress\/author\/alvar\/"}]}},"_links":{"self":[{"href":"https:\/\/smirna.cl\/wordpress\/wp-json\/wp\/v2\/posts\/1450","targetHints":{"allow":["GET"]}}],"collection":[{"href":"https:\/\/smirna.cl\/wordpress\/wp-json\/wp\/v2\/posts"}],"about":[{"href":"https:\/\/smirna.cl\/wordpress\/wp-json\/wp\/v2\/types\/post"}],"author":[{"embeddable":true,"href":"https:\/\/smirna.cl\/wordpress\/wp-json\/wp\/v2\/users\/6"}],"replies":[{"embeddable":true,"href":"https:\/\/smirna.cl\/wordpress\/wp-json\/wp\/v2\/comments?post=1450"}],"version-history":[{"count":3,"href":"https:\/\/smirna.cl\/wordpress\/wp-json\/wp\/v2\/posts\/1450\/revisions"}],"predecessor-version":[{"id":2599,"href":"https:\/\/smirna.cl\/wordpress\/wp-json\/wp\/v2\/posts\/1450\/revisions\/2599"}],"wp:attachment":[{"href":"https:\/\/smirna.cl\/wordpress\/wp-json\/wp\/v2\/media?parent=1450"}],"wp:term":[{"taxonomy":"category","embeddable":true,"href":"https:\/\/smirna.cl\/wordpress\/wp-json\/wp\/v2\/categories?post=1450"},{"taxonomy":"post_tag","embeddable":true,"href":"https:\/\/smirna.cl\/wordpress\/wp-json\/wp\/v2\/tags?post=1450"}],"curies":[{"name":"wp","href":"https:\/\/api.w.org\/{rel}","templated":true}]}}